{"id":7070,"date":"2019-12-01T18:04:11","date_gmt":"2019-12-01T17:04:11","guid":{"rendered":"http:\/\/www.benarabi.org\/?p=7070"},"modified":"2019-12-09T12:07:10","modified_gmt":"2019-12-09T11:07:10","slug":"presentacion-de-la-guia-de-lectura-miguel-hernandez-y-cartagena-de-jose-luis-abraham-en-el-ies-ben-arabi","status":"publish","type":"post","link":"https:\/\/www.benarabi.org\/?p=7070","title":{"rendered":"Presentaci\u00f3n de la Gu\u00eda de Lectura: Miguel Hern\u00e1ndez y Cartagena, de Jos\u00e9 Luis Abraham, en el IES Ben Arab\u00ed"},"content":{"rendered":"<p style=\"text-align: justify;\"><a href=\"http:\/\/www.benarabi.org\/wp-content\/uploads\/2019\/12\/IMAGEN3-1-1-e1575219826589.jpg\"><img loading=\"lazy\" decoding=\"async\" class=\"alignleft size-full wp-image-7077\" src=\"http:\/\/www.benarabi.org\/wp-content\/uploads\/2019\/12\/IMAGEN3-1-1-e1575219826589.jpg\" alt=\"\" width=\"150\" height=\"100\" \/><\/a>El pasado viernes 29 de noviembre, tuvo lugar en el IES Ben Arab\u00ed, la presentaci\u00f3n de la primera obra de la colecci\u00f3n &#8216;Letras y Memoria&#8217;, del autor Jos\u00e9 Luis Abraham L\u00f3pez, Gu\u00eda de Lectura sobre Miguel Hern\u00e1ndez y su vinculaci\u00f3n con Cartagena.<\/p>\n<p style=\"text-align: justify;\">La Gu\u00eda de Lectura cuenta con actividades y numerosos materiales de trabajo, dirigidos a los profesores y alumnos de 4\u00ba de la ESO y 1\u00ba y 2\u00ba de Bachillerato del municipio de Cartagena.<\/p>\n<p style=\"text-align: justify;\">El acto cont\u00f3 con la asistencia del concejal de Cultura, David Mart\u00ednez, la directora de Cultura, Chenchi Plazas, el director del instituto, Manuel D\u00edaz, el director de la Fundaci\u00f3n de Miguel Hern\u00e1ndez en Orihuela, Aitor Larrabide y el cronista oficial de Cartagena, Francisco Jos\u00e9 Franco.<\/p>\n<p style=\"text-align: justify;\">La Concejal\u00eda de Cultura pretende acercar la figura y las obras de Miguel Hern\u00e1ndez y su vinculaci\u00f3n con Cartagena a los institutos. La difusi\u00f3n de las obras y autores que forman parte del patrimonio literario y cultural es necesaria para preservar la memoria colectiva.<\/p>\n<p style=\"text-align: justify;\">Con esta nueva iniciativa, el IES Ben Arab\u00ed, a trav\u00e9s del Aula Miguel Hern\u00e1ndez, creada en nuestro Centro en 2015, junto con la Fundaci\u00f3n Cultural Miguel Hern\u00e1ndez, refuerza sus compromisos y alianzas con otras Instituciones de nuestro entorno, buscando la excelencia en la implementaci\u00f3n de la formaci\u00f3n de nuestros alumnos.<\/p>\n<p style=\"text-align: justify;\"><!--more--><\/p>\n<p style=\"text-align: justify;\">Uno de los espacios importantes para su conocimiento es el \u00e1mbito educativo, por este motivo, el concejal de Cultura, David Mart\u00ednez, ha afirmado que gracias a esta obra \u201cseguimos educando a trav\u00e9s de la poes\u00eda y el verso y acercamos a los j\u00f3venes la figura y las obras de Miguel Hern\u00e1ndez\u201d.<\/p>\n<p style=\"text-align: justify;\">La relaci\u00f3n de Miguel Hern\u00e1ndez con Cartagena fue muy estrecha, siendo los poetas Antonio Oliver y Carmen Conde el nexo de uni\u00f3n con la ciudad. La Universidad Popular creada por Antonio y Carmen pudo disfrutar de su presencia en diversas ocasiones y de conocer las dos facetas literarias de Miguel Hern\u00e1ndez: poeta y dramaturgo.<\/p>\n<p style=\"text-align: justify;\">El poeta tuvo a Cartagena y sus gentes como uno de sus lugares predilectos, donde poder disfrutar con escritores y amigos, intercambiando ideas y poemas, ejemplo de ello son Mar\u00eda Cegarra y Miguel Valdivieso Belm\u00e1s.<\/p>\n<div id='gallery-1' class='gallery galleryid-7070 gallery-columns-3 gallery-size-thumbnail'><figure class='gallery-item'>\n\t\t\t<div class='gallery-icon landscape'>\n\t\t\t\t<a href='https:\/\/www.benarabi.org\/?attachment_id=7071'><img loading=\"lazy\" decoding=\"async\" width=\"250\" height=\"141\" src=\"https:\/\/www.benarabi.org\/wp-content\/uploads\/2019\/12\/IMAGEN3-1-250x141.jpg\" class=\"attachment-thumbnail size-thumbnail\" alt=\"\" srcset=\"https:\/\/www.benarabi.org\/wp-content\/uploads\/2019\/12\/IMAGEN3-1-250x141.jpg 250w, https:\/\/www.benarabi.org\/wp-content\/uploads\/2019\/12\/IMAGEN3-1-850x478.jpg 850w, https:\/\/www.benarabi.org\/wp-content\/uploads\/2019\/12\/IMAGEN3-1-1200x675.jpg 1200w\" sizes=\"auto, (max-width: 250px) 100vw, 250px\" \/><\/a>\n\t\t\t<\/div><\/figure><figure class='gallery-item'>\n\t\t\t<div class='gallery-icon landscape'>\n\t\t\t\t<a href='https:\/\/www.benarabi.org\/?attachment_id=7072'><img loading=\"lazy\" decoding=\"async\" width=\"250\" height=\"141\" src=\"https:\/\/www.benarabi.org\/wp-content\/uploads\/2019\/12\/IMAGEN4-250x141.jpg\" class=\"attachment-thumbnail size-thumbnail\" alt=\"\" srcset=\"https:\/\/www.benarabi.org\/wp-content\/uploads\/2019\/12\/IMAGEN4-250x141.jpg 250w, https:\/\/www.benarabi.org\/wp-content\/uploads\/2019\/12\/IMAGEN4-850x478.jpg 850w, https:\/\/www.benarabi.org\/wp-content\/uploads\/2019\/12\/IMAGEN4-1200x675.jpg 1200w\" sizes=\"auto, (max-width: 250px) 100vw, 250px\" \/><\/a>\n\t\t\t<\/div><\/figure><figure class='gallery-item'>\n\t\t\t<div class='gallery-icon landscape'>\n\t\t\t\t<a href='https:\/\/www.benarabi.org\/?attachment_id=7073'><img loading=\"lazy\" decoding=\"async\" width=\"250\" height=\"141\" src=\"https:\/\/www.benarabi.org\/wp-content\/uploads\/2019\/12\/IMAGEN1-1-250x141.jpg\" class=\"attachment-thumbnail size-thumbnail\" alt=\"\" srcset=\"https:\/\/www.benarabi.org\/wp-content\/uploads\/2019\/12\/IMAGEN1-1-250x141.jpg 250w, https:\/\/www.benarabi.org\/wp-content\/uploads\/2019\/12\/IMAGEN1-1-850x478.jpg 850w, https:\/\/www.benarabi.org\/wp-content\/uploads\/2019\/12\/IMAGEN1-1-1200x675.jpg 1200w\" sizes=\"auto, (max-width: 250px) 100vw, 250px\" \/><\/a>\n\t\t\t<\/div><\/figure><figure class='gallery-item'>\n\t\t\t<div class='gallery-icon landscape'>\n\t\t\t\t<a href='https:\/\/www.benarabi.org\/?attachment_id=7074'><img loading=\"lazy\" decoding=\"async\" width=\"250\" height=\"141\" src=\"https:\/\/www.benarabi.org\/wp-content\/uploads\/2019\/12\/IMAGEN2-1-250x141.jpg\" class=\"attachment-thumbnail size-thumbnail\" alt=\"\" srcset=\"https:\/\/www.benarabi.org\/wp-content\/uploads\/2019\/12\/IMAGEN2-1-250x141.jpg 250w, https:\/\/www.benarabi.org\/wp-content\/uploads\/2019\/12\/IMAGEN2-1-850x478.jpg 850w, https:\/\/www.benarabi.org\/wp-content\/uploads\/2019\/12\/IMAGEN2-1-1200x675.jpg 1200w\" sizes=\"auto, (max-width: 250px) 100vw, 250px\" \/><\/a>\n\t\t\t<\/div><\/figure><figure class='gallery-item'>\n\t\t\t<div class='gallery-icon landscape'>\n\t\t\t\t<a href='https:\/\/www.benarabi.org\/?attachment_id=7075'><img loading=\"lazy\" decoding=\"async\" width=\"250\" height=\"141\" src=\"https:\/\/www.benarabi.org\/wp-content\/uploads\/2019\/12\/IMAGEN5-250x141.jpg\" class=\"attachment-thumbnail size-thumbnail\" alt=\"\" srcset=\"https:\/\/www.benarabi.org\/wp-content\/uploads\/2019\/12\/IMAGEN5-250x141.jpg 250w, https:\/\/www.benarabi.org\/wp-content\/uploads\/2019\/12\/IMAGEN5-850x478.jpg 850w, https:\/\/www.benarabi.org\/wp-content\/uploads\/2019\/12\/IMAGEN5-1200x675.jpg 1200w\" sizes=\"auto, (max-width: 250px) 100vw, 250px\" \/><\/a>\n\t\t\t<\/div><\/figure><figure class='gallery-item'>\n\t\t\t<div class='gallery-icon landscape'>\n\t\t\t\t<a href='https:\/\/www.benarabi.org\/?attachment_id=7076'><img loading=\"lazy\" decoding=\"async\" width=\"250\" height=\"141\" src=\"https:\/\/www.benarabi.org\/wp-content\/uploads\/2019\/12\/IMAGEN6-250x141.jpg\" class=\"attachment-thumbnail size-thumbnail\" alt=\"\" srcset=\"https:\/\/www.benarabi.org\/wp-content\/uploads\/2019\/12\/IMAGEN6-250x141.jpg 250w, https:\/\/www.benarabi.org\/wp-content\/uploads\/2019\/12\/IMAGEN6-850x478.jpg 850w, https:\/\/www.benarabi.org\/wp-content\/uploads\/2019\/12\/IMAGEN6-1200x675.jpg 1200w\" sizes=\"auto, (max-width: 250px) 100vw, 250px\" \/><\/a>\n\t\t\t<\/div><\/figure>\n\t\t<\/div>\n\n<p>&nbsp;<\/p>\n","protected":false},"excerpt":{"rendered":"<p>El pasado viernes 29 de noviembre, tuvo lugar en el IES Ben Arab\u00ed, la presentaci\u00f3n de la primera obra de la colecci\u00f3n &#8216;Letras y Memoria&#8217;, del autor Jos\u00e9 Luis Abraham L\u00f3pez, Gu\u00eda de Lectura sobre Miguel Hern\u00e1ndez y su vinculaci\u00f3n con Cartagena. La Gu\u00eda de Lectura cuenta con actividades y numerosos materiales de trabajo, dirigidos [&hellip;]<\/p>\n","protected":false},"author":1,"featured_media":0,"comment_status":"closed","ping_status":"open","sticky":false,"template":"","format":"standard","meta":{"footnotes":""},"categories":[1],"tags":[],"class_list":["post-7070","post","type-post","status-publish","format-standard","hentry","category-sin-categoria"],"_links":{"self":[{"href":"https:\/\/www.benarabi.org\/index.php?rest_route=\/wp\/v2\/posts\/7070","targetHints":{"allow":["GET"]}}],"collection":[{"href":"https:\/\/www.benarabi.org\/index.php?rest_route=\/wp\/v2\/posts"}],"about":[{"href":"https:\/\/www.benarabi.org\/index.php?rest_route=\/wp\/v2\/types\/post"}],"author":[{"embeddable":true,"href":"https:\/\/www.benarabi.org\/index.php?rest_route=\/wp\/v2\/users\/1"}],"replies":[{"embeddable":true,"href":"https:\/\/www.benarabi.org\/index.php?rest_route=%2Fwp%2Fv2%2Fcomments&post=7070"}],"version-history":[{"count":2,"href":"https:\/\/www.benarabi.org\/index.php?rest_route=\/wp\/v2\/posts\/7070\/revisions"}],"predecessor-version":[{"id":7091,"href":"https:\/\/www.benarabi.org\/index.php?rest_route=\/wp\/v2\/posts\/7070\/revisions\/7091"}],"wp:attachment":[{"href":"https:\/\/www.benarabi.org\/index.php?rest_route=%2Fwp%2Fv2%2Fmedia&parent=7070"}],"wp:term":[{"taxonomy":"category","embeddable":true,"href":"https:\/\/www.benarabi.org\/index.php?rest_route=%2Fwp%2Fv2%2Fcategories&post=7070"},{"taxonomy":"post_tag","embeddable":true,"href":"https:\/\/www.benarabi.org\/index.php?rest_route=%2Fwp%2Fv2%2Ftags&post=7070"}],"curies":[{"name":"wp","href":"https:\/\/api.w.org\/{rel}","templated":true}]}}