{"id":7093,"date":"2019-12-02T20:55:21","date_gmt":"2019-12-02T19:55:21","guid":{"rendered":"http:\/\/www.benarabi.org\/?p=7093"},"modified":"2021-12-20T12:54:52","modified_gmt":"2021-12-20T11:54:52","slug":"el-xxii-premio-jacinto-alcaraz-mellado-recae-en-la-asociacion-dgenes","status":"publish","type":"post","link":"https:\/\/www.benarabi.org\/?p=7093","title":{"rendered":"El XXII Premio Jacinto Alcaraz Mellado recae en la Asociaci\u00f3n D\u00b4GENES"},"content":{"rendered":"<p><img loading=\"lazy\" decoding=\"async\" class=\"alignleft size-full wp-image-7094\" src=\"http:\/\/www.benarabi.org\/wp-content\/uploads\/2019\/12\/logotipo-dgenes-e1575316412245.jpg\" alt=\"\" width=\"150\" height=\"84\" \/><\/p>\n<p style=\"text-align: justify;\">Reunido el Consejo Escolar del IES. Ben Arab\u00ed, el pasado mi\u00e9rcoles 27 de noviembre de 2019, falla el XXII Premio Jacinto Alcaraz Mellado a la solidaridad, tolerancia y convivencia, recayendo sobre\u00a0la Asociaci\u00f3n D\u00b4GENES\u00a0(Asociaci\u00f3n de Enfermedades Raras y otros Trastornos Graves del Desarrollo. Regi\u00f3n de Murcia).<\/p>\n<p style=\"text-align: justify;\">La Asociaci\u00f3n D\u2019Genes se fund\u00f3 en el 2008 y est\u00e1 compuesta por afectados por una Enfermedad Rara, familiares y profesionales de varios \u00e1mbitos, con el prop\u00f3sito de crear un espacio socio-sanitario que sirva de intercambio y convivencia entre los interesados, adem\u00e1s de promover la difusi\u00f3n y sensibilizaci\u00f3n sobre la problem\u00e1tica de salud p\u00fablica que suponen las patolog\u00edas poco frecuentes.<\/p>\n<p style=\"text-align: justify;\">Su objetivo principal es emprender acciones que contribuyan a mejorar la calidad y esperanza de vida de los afectados y su entorno.<\/p>\n<p style=\"text-align: justify;\">De \u00e1mbito nacional, en la Regi\u00f3n de Murcia ofrecen sus servicios en la sede de Totana\u00a0 como: informaci\u00f3n y orientaci\u00f3n, logopedia, fisioterapia, atenci\u00f3n psicol\u00f3gica, respiro familiar, estimulaci\u00f3n cognitiva, atenci\u00f3n domiciliaria, cuidados paliativos pedi\u00e1tricos, trabajo social y orientaci\u00f3n laboral.<\/p>\n<p style=\"text-align: justify;\">A nivel nacional, pertenecen a la Federaci\u00f3n Espa\u00f1ola de Enfermedades Raras (<strong>FEDER<\/strong>) y a la\u00a0<strong>Federaci\u00f3n Espa\u00f1ola del S\u00edndrome X-Fr\u00e1gil<\/strong>. Adem\u00e1s, forman parte de la Organizaci\u00f3n Europea de Enfermedades Raras (<strong>EURORDIS<\/strong>) y de la Alianza Iberoamericana de Enfermedades Raras (<strong>ALIBER<\/strong>).<\/p>\n<p style=\"text-align: justify;\">Desde el IES. Ben Arab\u00ed le damos nuestra Enhorabuena.<\/p>\n<p style=\"text-align: justify;\">Si quieres conocer la informaci\u00f3n completa y detallada de D\u00b4GENES, <a href=\"https:\/\/www.dgenes.es\/\" target=\"_blank\" rel=\"noopener\">pincha aqu\u00ed<\/a>.<\/p>\n","protected":false},"excerpt":{"rendered":"<p>Reunido el Consejo Escolar del IES. Ben Arab\u00ed, el pasado mi\u00e9rcoles 27 de noviembre de 2019, falla el XXII Premio Jacinto Alcaraz Mellado a la solidaridad, tolerancia y convivencia, recayendo sobre\u00a0la Asociaci\u00f3n D\u00b4GENES\u00a0(Asociaci\u00f3n de Enfermedades Raras y otros Trastornos Graves del Desarrollo. Regi\u00f3n de Murcia). La Asociaci\u00f3n D\u2019Genes se fund\u00f3 en el 2008 y est\u00e1 [&hellip;]<\/p>\n","protected":false},"author":1,"featured_media":0,"comment_status":"closed","ping_status":"open","sticky":false,"template":"","format":"standard","meta":{"footnotes":""},"categories":[1],"tags":[],"class_list":["post-7093","post","type-post","status-publish","format-standard","hentry","category-sin-categoria"],"_links":{"self":[{"href":"https:\/\/www.benarabi.org\/index.php?rest_route=\/wp\/v2\/posts\/7093","targetHints":{"allow":["GET"]}}],"collection":[{"href":"https:\/\/www.benarabi.org\/index.php?rest_route=\/wp\/v2\/posts"}],"about":[{"href":"https:\/\/www.benarabi.org\/index.php?rest_route=\/wp\/v2\/types\/post"}],"author":[{"embeddable":true,"href":"https:\/\/www.benarabi.org\/index.php?rest_route=\/wp\/v2\/users\/1"}],"replies":[{"embeddable":true,"href":"https:\/\/www.benarabi.org\/index.php?rest_route=%2Fwp%2Fv2%2Fcomments&post=7093"}],"version-history":[{"count":4,"href":"https:\/\/www.benarabi.org\/index.php?rest_route=\/wp\/v2\/posts\/7093\/revisions"}],"predecessor-version":[{"id":9018,"href":"https:\/\/www.benarabi.org\/index.php?rest_route=\/wp\/v2\/posts\/7093\/revisions\/9018"}],"wp:attachment":[{"href":"https:\/\/www.benarabi.org\/index.php?rest_route=%2Fwp%2Fv2%2Fmedia&parent=7093"}],"wp:term":[{"taxonomy":"category","embeddable":true,"href":"https:\/\/www.benarabi.org\/index.php?rest_route=%2Fwp%2Fv2%2Fcategories&post=7093"},{"taxonomy":"post_tag","embeddable":true,"href":"https:\/\/www.benarabi.org\/index.php?rest_route=%2Fwp%2Fv2%2Ftags&post=7093"}],"curies":[{"name":"wp","href":"https:\/\/api.w.org\/{rel}","templated":true}]}}