{"id":7139,"date":"2020-01-08T07:57:19","date_gmt":"2020-01-08T06:57:19","guid":{"rendered":"http:\/\/www.benarabi.org\/?p=7139"},"modified":"2020-01-08T07:57:19","modified_gmt":"2020-01-08T06:57:19","slug":"concesion-del-sello-de-calidad-red-de-centros-de-excelencia-educativa-region-de-murcia-al-ies-ben-arabi","status":"publish","type":"post","link":"https:\/\/www.benarabi.org\/?p=7139","title":{"rendered":"Concesi\u00f3n del Sello de Calidad \u201cRed de Centros de Excelencia Educativa Regi\u00f3n de Murcia\u201d al IES. Ben Arab\u00ed"},"content":{"rendered":"<p style=\"text-align: justify;\"><a href=\"http:\/\/www.benarabi.org\/wp-content\/uploads\/2020\/01\/logotipo-caf-educacion-e1578466596388.jpg\"><img loading=\"lazy\" decoding=\"async\" class=\"alignleft size-full wp-image-7140\" src=\"http:\/\/www.benarabi.org\/wp-content\/uploads\/2020\/01\/logotipo-caf-educacion-e1578466596388.jpg\" alt=\"\" width=\"150\" height=\"155\" \/><\/a>El pasado 12 de diciembre de 2019 se public\u00f3 en el BORM la Resoluci\u00f3n de 28 de noviembre de 2019, de la Direcci\u00f3n General de Evaluaci\u00f3n Educativa y Formaci\u00f3n Profesional por la que se conceden los\u00a0Sellos\u00a0\u201cRed de Centros de Excelencia Educativa Regi\u00f3n de Murcia\u201d, \u201cCentro de\u00a0Calidad\u00a0Educativa Regi\u00f3n de Murcia\u201d y \u201cCentro con Compromiso de\u00a0Calidad\u00a0en los Servicios\u201d.<\/p>\n<p style=\"text-align: justify;\">En esta Resoluci\u00f3n, se le ha otorgado al IES Ben Arab\u00ed el Sello de Calidad: \u201cRed de Centros de Excelencia Educativa Regi\u00f3n de Murcia\u201d con una vigencia de tres a\u00f1os.<\/p>\n<p style=\"text-align: justify;\">La concesi\u00f3n de este distintivo de calidad supone un nuevo reconocimiento p\u00fablico del buen hacer de nuestro Centro y de nuestro compromiso con la calidad de los servicios que prestamos, ya que se destaca la labor de los centros que han implantado Sistemas de Gesti\u00f3n de Calidad estables, consistentes, robustos y que garanticen una mejora de los servicios que el centro ofrece a la sociedad.<\/p>\n<p style=\"text-align: justify;\">En nuestro instituto, la implantaci\u00f3n del modelo de gesti\u00f3n de calidad Caf educaci\u00f3n nos ha permitido realizar numerosas iniciativas y acciones encaminadas a fomentar y promover la calidad, bajo la premisa de la mejora continua en todos los \u00e1mbitos.<\/p>\n<p style=\"text-align: justify;\">En breve, nuestro Centro obtendr\u00e1 el Sello de Calidad: \u201cCentro con Compromiso de Calidad en los Servicios\u201d ya que ha sido publicada la Carta de Servicios del IES. Ben Arab\u00ed en el BORM del 20 de diciembre.<\/p>\n<p style=\"text-align: justify;\">Actualmente el Centro est\u00e1 a la espera de la certificaci\u00f3n en el modelo CAF educaci\u00f3n con la que se podr\u00e1 obtener el sello de Calidad: \u201cCentro de\u00a0Calidad\u00a0Educativa Regi\u00f3n de Murcia\u201d.<\/p>\n<p style=\"text-align: justify;\">\n<p style=\"text-align: justify;\">Si quieres ver la Resoluci\u00f3n, <a href=\"http:\/\/www.benarabi.org\/wp-content\/uploads\/2020\/01\/Resoluci\u00f3n-de-28-de-noviembre-de-2019_CONCESI\u00d3N_SELLOS-DE-CALIDAD.pdf\">pincha aqu\u00ed<\/a>.<\/p>\n","protected":false},"excerpt":{"rendered":"<p>El pasado 12 de diciembre de 2019 se public\u00f3 en el BORM la Resoluci\u00f3n de 28 de noviembre de 2019, de la Direcci\u00f3n General de Evaluaci\u00f3n Educativa y Formaci\u00f3n Profesional por la que se conceden los\u00a0Sellos\u00a0\u201cRed de Centros de Excelencia Educativa Regi\u00f3n de Murcia\u201d, \u201cCentro de\u00a0Calidad\u00a0Educativa Regi\u00f3n de Murcia\u201d y \u201cCentro con Compromiso de\u00a0Calidad\u00a0en los [&hellip;]<\/p>\n","protected":false},"author":1,"featured_media":0,"comment_status":"closed","ping_status":"open","sticky":false,"template":"","format":"standard","meta":{"footnotes":""},"categories":[1],"tags":[],"class_list":["post-7139","post","type-post","status-publish","format-standard","hentry","category-sin-categoria"],"_links":{"self":[{"href":"https:\/\/www.benarabi.org\/index.php?rest_route=\/wp\/v2\/posts\/7139","targetHints":{"allow":["GET"]}}],"collection":[{"href":"https:\/\/www.benarabi.org\/index.php?rest_route=\/wp\/v2\/posts"}],"about":[{"href":"https:\/\/www.benarabi.org\/index.php?rest_route=\/wp\/v2\/types\/post"}],"author":[{"embeddable":true,"href":"https:\/\/www.benarabi.org\/index.php?rest_route=\/wp\/v2\/users\/1"}],"replies":[{"embeddable":true,"href":"https:\/\/www.benarabi.org\/index.php?rest_route=%2Fwp%2Fv2%2Fcomments&post=7139"}],"version-history":[{"count":1,"href":"https:\/\/www.benarabi.org\/index.php?rest_route=\/wp\/v2\/posts\/7139\/revisions"}],"predecessor-version":[{"id":7142,"href":"https:\/\/www.benarabi.org\/index.php?rest_route=\/wp\/v2\/posts\/7139\/revisions\/7142"}],"wp:attachment":[{"href":"https:\/\/www.benarabi.org\/index.php?rest_route=%2Fwp%2Fv2%2Fmedia&parent=7139"}],"wp:term":[{"taxonomy":"category","embeddable":true,"href":"https:\/\/www.benarabi.org\/index.php?rest_route=%2Fwp%2Fv2%2Fcategories&post=7139"},{"taxonomy":"post_tag","embeddable":true,"href":"https:\/\/www.benarabi.org\/index.php?rest_route=%2Fwp%2Fv2%2Ftags&post=7139"}],"curies":[{"name":"wp","href":"https:\/\/api.w.org\/{rel}","templated":true}]}}