{"id":7189,"date":"2020-01-16T11:21:48","date_gmt":"2020-01-16T10:21:48","guid":{"rendered":"http:\/\/www.benarabi.org\/?p=7189"},"modified":"2020-01-16T11:21:48","modified_gmt":"2020-01-16T10:21:48","slug":"viii-semana-cultural-mar-menor-pasado-presente-y-futuro-y-dia-del-centro","status":"publish","type":"post","link":"https:\/\/www.benarabi.org\/?p=7189","title":{"rendered":"VIII Semana Cultural \u201cMar Menor: pasado, presente y futuro\u201d y D\u00eda del Centro"},"content":{"rendered":"<p style=\"text-align: justify;\"><a href=\"http:\/\/www.benarabi.org\/wp-content\/uploads\/2020\/01\/imagen-semana-cultural-e1579170053923.jpg\"><img loading=\"lazy\" decoding=\"async\" class=\"alignleft size-full wp-image-7191\" src=\"http:\/\/www.benarabi.org\/wp-content\/uploads\/2020\/01\/imagen-semana-cultural-e1579170053923.jpg\" alt=\"\" width=\"150\" height=\"152\" \/><\/a>Del 20 al 24 de enero de 2020, tendr\u00e1 lugar la VIII Semana Cultural de nuestro instituto, que este a\u00f1o lleva por t\u00edtulo \u201cMar Menor: pasado, presente y futuro\u201d.<\/p>\n<p style=\"text-align: justify;\">Durante\u00a0estos d\u00edas, el objetivo fundamental es que nuestros alumnos tengan una visi\u00f3n mucho m\u00e1s amplia del Mar Menor. Para ello se han preparado, desde todas las asignaturas, numerosas actividades como charlas, talleres, exposiciones, visitas,\u2026. y se contar\u00e1 con la colaboraci\u00f3n de numerosos profesionales de diferentes \u00e1mbitos, que aportar\u00e1n a esta Semana Cultural su experiencia y profesionalidad.<\/p>\n<p style=\"text-align: justify;\">Se ha ampliado la tem\u00e1tica del Mar Menor con otros temas transversales como desarrollo sostenible, medioambiente, reciclaje,\u2026. con el objetivo fundamental de concienciar a los alumnos de la importancia del cuidado del medio ambiente y las posibles repercusiones negativas de nuestras acciones en el deterioro de nuestro entorno y en concreto, del Mar Menor.<\/p>\n<p style=\"text-align: justify;\">\n<p style=\"text-align: justify;\">Adem\u00e1s, coincidiendo con nuestra Semana Cultural, el jueves 23 de enero, se har\u00e1 entrega del XXII Premio Jacinto Alcaraz Mellado a la Asociaci\u00f3n D\u00b4GENES (Asociaci\u00f3n de Enfermedades Raras) a las 12:05 horas en el Auditorio del Conservatorio de M\u00fasica y se\u00a0 realizar\u00e1 una colecta de sangre, en colaboraci\u00f3n con el Centro de Salud de Barrio Peral, desde las 9:30 hasta las 14:00 horas.<\/p>\n<p style=\"text-align: justify;\">\n<p style=\"text-align: justify;\">Recordar que el viernes 24 de enero se celebrar\u00e1 el D\u00eda del Centro, en el que se realizar\u00e1n una gran cantidad de actividades con el objetivo de que los alumnos pasen una jornada de convivencia con sus compa\u00f1eros y profesores.<\/p>\n<p style=\"text-align: justify;\">Para finalizar el d\u00eda del Centro, se va a organizar una comida de convivencia en la que se realizar\u00e1 una Paella Gigante y a la que podr\u00e1n asistir todos los miembros de la Comunidad Educativa del IES. Ben Arab\u00ed (alumnos, profesores, padres,..), previa compra de tickets.<\/p>\n<p style=\"text-align: justify;\">\n<p style=\"text-align: justify;\">Esperamos que con esta Semana Cultural consigamos nuestros objetivos.<\/p>\n<p style=\"text-align: justify;\">\u00a1\u00a1\u00a1Os animamos a participar. Sin vosotros, esto no es posible.!!!<\/p>\n<p style=\"text-align: justify;\">Si quieres ver el Programa de la Semana Cultural y D\u00eda del Centro, <a href=\"http:\/\/www.benarabi.org\/wp-content\/uploads\/2020\/01\/PROGRAMA-SEMANA-CULTURAL.-D\u00cdA-DEL-CENTRO-2020-definitivo.pdf\">pincha aqu\u00ed<\/a>.<\/p>\n","protected":false},"excerpt":{"rendered":"<p>Del 20 al 24 de enero de 2020, tendr\u00e1 lugar la VIII Semana Cultural de nuestro instituto, que este a\u00f1o lleva por t\u00edtulo \u201cMar Menor: pasado, presente y futuro\u201d. Durante\u00a0estos d\u00edas, el objetivo fundamental es que nuestros alumnos tengan una visi\u00f3n mucho m\u00e1s amplia del Mar Menor. Para ello se han preparado, desde todas las [&hellip;]<\/p>\n","protected":false},"author":1,"featured_media":0,"comment_status":"closed","ping_status":"open","sticky":false,"template":"","format":"standard","meta":{"footnotes":""},"categories":[1],"tags":[],"class_list":["post-7189","post","type-post","status-publish","format-standard","hentry","category-sin-categoria"],"_links":{"self":[{"href":"https:\/\/www.benarabi.org\/index.php?rest_route=\/wp\/v2\/posts\/7189","targetHints":{"allow":["GET"]}}],"collection":[{"href":"https:\/\/www.benarabi.org\/index.php?rest_route=\/wp\/v2\/posts"}],"about":[{"href":"https:\/\/www.benarabi.org\/index.php?rest_route=\/wp\/v2\/types\/post"}],"author":[{"embeddable":true,"href":"https:\/\/www.benarabi.org\/index.php?rest_route=\/wp\/v2\/users\/1"}],"replies":[{"embeddable":true,"href":"https:\/\/www.benarabi.org\/index.php?rest_route=%2Fwp%2Fv2%2Fcomments&post=7189"}],"version-history":[{"count":1,"href":"https:\/\/www.benarabi.org\/index.php?rest_route=\/wp\/v2\/posts\/7189\/revisions"}],"predecessor-version":[{"id":7192,"href":"https:\/\/www.benarabi.org\/index.php?rest_route=\/wp\/v2\/posts\/7189\/revisions\/7192"}],"wp:attachment":[{"href":"https:\/\/www.benarabi.org\/index.php?rest_route=%2Fwp%2Fv2%2Fmedia&parent=7189"}],"wp:term":[{"taxonomy":"category","embeddable":true,"href":"https:\/\/www.benarabi.org\/index.php?rest_route=%2Fwp%2Fv2%2Fcategories&post=7189"},{"taxonomy":"post_tag","embeddable":true,"href":"https:\/\/www.benarabi.org\/index.php?rest_route=%2Fwp%2Fv2%2Ftags&post=7189"}],"curies":[{"name":"wp","href":"https:\/\/api.w.org\/{rel}","templated":true}]}}