{"id":7210,"date":"2020-01-24T17:12:04","date_gmt":"2020-01-24T16:12:04","guid":{"rendered":"http:\/\/www.benarabi.org\/?p=7210"},"modified":"2020-01-24T17:12:04","modified_gmt":"2020-01-24T16:12:04","slug":"el-ies-ben-arabi-de-cartagena-entrega-el-xxii-premio-jacinto-alcaraz-mellado-a-la-asociacion-dgenes","status":"publish","type":"post","link":"https:\/\/www.benarabi.org\/?p=7210","title":{"rendered":"El IES. Ben Arab\u00ed de Cartagena entrega el XXII Premio Jacinto Alcaraz Mellado a la Asociaci\u00f3n D\u00b4GENES."},"content":{"rendered":"<p style=\"text-align: justify;\"><a href=\"http:\/\/www.benarabi.org\/wp-content\/uploads\/2020\/01\/IMG_1-e1579882282738.jpg\"><img loading=\"lazy\" decoding=\"async\" class=\"alignleft size-full wp-image-7213\" src=\"http:\/\/www.benarabi.org\/wp-content\/uploads\/2020\/01\/IMG_1-e1579882282738.jpg\" alt=\"\" width=\"150\" height=\"112\" \/><\/a>La Asociaci\u00f3n D\u00b4GENES, Asociaci\u00f3n de enfermedades raras y otros trastornos graves del desarrollo, recibi\u00f3 ayer el XXII Premio Jacinto Alcaraz Mellado, que concede anualmente el instituto Ben Arab\u00ed a aquellas personas o instituciones que se hayan distinguido por su trabajo a favor de la solidaridad, tolerancia y convivencia en la Regi\u00f3n de Murcia.<\/p>\n<p style=\"text-align: justify;\">D\u00b4GENES est\u00e1 compuesta por personas afectadas por una Enfermedad Rara, familiares y profesionales de varios \u00e1mbitos, con el prop\u00f3sito de crear un espacio socio-sanitario que sirva de intercambio y convivencia entre los interesados, adem\u00e1s de promover la difusi\u00f3n y sensibilizaci\u00f3n sobre la problem\u00e1tica de salud p\u00fablica que suponen las patolog\u00edas poco frecuentes. Su objetivo principal es emprender acciones que contribuyan a mejorar la calidad y esperanza de vida de los afectados y su entorno.<\/p>\n<p style=\"text-align: justify;\">La ceremonia de entrega del premio tuvo lugar en el Auditorio del Conservatorio de M\u00fasica de Cartagena, y cont\u00f3 con la presencia de D. Carlos Albaladejo Alarc\u00f3n, \u00a0Director General de Innovaci\u00f3n Educativa y Atenci\u00f3n a la Diversidad, D\u00aa Mar\u00eda Irene Ruiz Roca, Concejala del \u00c1rea de Gobierno de Educaci\u00f3n del Ayuntamiento de Cartagena y D. Jos\u00e9 Andr\u00e9s Mart\u00ednez Madrid, presidente del AMPA del IES. Ben Arabi, que fueron los encargados de hacer entrega del trofeo, que lleva aparejada una dotaci\u00f3n econ\u00f3mica de 600 euros a la asociaci\u00f3n, representada por dos miembros de su junta directiva, D\u00aa. M\u00aa Jes\u00fas C\u00e1novas y D\u00aa. M\u00aa \u00c1ngeles D\u00edaz.<\/p>\n<p style=\"text-align: justify;\">En el acto tambi\u00e9n se present\u00f3 el cartel de la vig\u00e9simo tercera edici\u00f3n, como apertura de un nuevo ciclo que concluir\u00e1 con la siguiente entrega el pr\u00f3ximo a\u00f1o, y se interpretaron dos piezas musicales a cargo de las alumnas del IES y del Conservatorio, Ana Ros Hern\u00e1ndez y M\u00aa Dolores Mart\u00ednez Garc\u00eda.<\/p>\n<p style=\"text-align: justify;\">El Director del IES Ben Arabi, D. Manuel D\u00edaz Segura resalt\u00f3 el compromiso firme y consolidado de toda la comunidad educativa del IES. Ben Arab\u00ed, con el fomento y difusi\u00f3n de unos valores tan \u00a0relevantes en nuestra sociedad as\u00ed como la importancia de hacer una escuela inclusiva en la que todos los alumnos puedan aprender, independientemente de sus caracter\u00edsticas y se eliminen las barreras que lo impidan.<!--more--><\/p>\n<div id='gallery-1' class='gallery galleryid-7210 gallery-columns-4 gallery-size-thumbnail'><figure class='gallery-item'>\n\t\t\t<div class='gallery-icon landscape'>\n\t\t\t\t<a href='https:\/\/www.benarabi.org\/?attachment_id=7211'><img loading=\"lazy\" decoding=\"async\" width=\"250\" height=\"141\" src=\"https:\/\/www.benarabi.org\/wp-content\/uploads\/2020\/01\/IMG_2-250x141.jpg\" class=\"attachment-thumbnail size-thumbnail\" alt=\"\" srcset=\"https:\/\/www.benarabi.org\/wp-content\/uploads\/2020\/01\/IMG_2-250x141.jpg 250w, https:\/\/www.benarabi.org\/wp-content\/uploads\/2020\/01\/IMG_2-850x478.jpg 850w, https:\/\/www.benarabi.org\/wp-content\/uploads\/2020\/01\/IMG_2-1200x675.jpg 1200w\" sizes=\"auto, (max-width: 250px) 100vw, 250px\" \/><\/a>\n\t\t\t<\/div><\/figure><figure class='gallery-item'>\n\t\t\t<div class='gallery-icon landscape'>\n\t\t\t\t<a href='https:\/\/www.benarabi.org\/?attachment_id=7212'><img loading=\"lazy\" decoding=\"async\" width=\"250\" height=\"141\" src=\"https:\/\/www.benarabi.org\/wp-content\/uploads\/2020\/01\/IMG_4-250x141.jpg\" class=\"attachment-thumbnail size-thumbnail\" alt=\"\" srcset=\"https:\/\/www.benarabi.org\/wp-content\/uploads\/2020\/01\/IMG_4-250x141.jpg 250w, https:\/\/www.benarabi.org\/wp-content\/uploads\/2020\/01\/IMG_4-850x478.jpg 850w, https:\/\/www.benarabi.org\/wp-content\/uploads\/2020\/01\/IMG_4-1200x675.jpg 1200w\" sizes=\"auto, (max-width: 250px) 100vw, 250px\" \/><\/a>\n\t\t\t<\/div><\/figure><figure class='gallery-item'>\n\t\t\t<div class='gallery-icon landscape'>\n\t\t\t\t<a href='https:\/\/www.benarabi.org\/?attachment_id=7213'><img loading=\"lazy\" decoding=\"async\" width=\"250\" height=\"141\" src=\"https:\/\/www.benarabi.org\/wp-content\/uploads\/2020\/01\/IMG_1-250x141.jpg\" class=\"attachment-thumbnail size-thumbnail\" alt=\"\" srcset=\"https:\/\/www.benarabi.org\/wp-content\/uploads\/2020\/01\/IMG_1-250x141.jpg 250w, https:\/\/www.benarabi.org\/wp-content\/uploads\/2020\/01\/IMG_1-850x478.jpg 850w, https:\/\/www.benarabi.org\/wp-content\/uploads\/2020\/01\/IMG_1-1200x675.jpg 1200w\" sizes=\"auto, (max-width: 250px) 100vw, 250px\" \/><\/a>\n\t\t\t<\/div><\/figure><figure class='gallery-item'>\n\t\t\t<div class='gallery-icon landscape'>\n\t\t\t\t<a href='https:\/\/www.benarabi.org\/?attachment_id=7214'><img loading=\"lazy\" decoding=\"async\" width=\"250\" height=\"141\" src=\"https:\/\/www.benarabi.org\/wp-content\/uploads\/2020\/01\/IMG_3-250x141.jpg\" class=\"attachment-thumbnail size-thumbnail\" alt=\"\" srcset=\"https:\/\/www.benarabi.org\/wp-content\/uploads\/2020\/01\/IMG_3-250x141.jpg 250w, https:\/\/www.benarabi.org\/wp-content\/uploads\/2020\/01\/IMG_3-850x478.jpg 850w, https:\/\/www.benarabi.org\/wp-content\/uploads\/2020\/01\/IMG_3-1200x675.jpg 1200w\" sizes=\"auto, (max-width: 250px) 100vw, 250px\" \/><\/a>\n\t\t\t<\/div><\/figure>\n\t\t<\/div>\n\n","protected":false},"excerpt":{"rendered":"<p>La Asociaci\u00f3n D\u00b4GENES, Asociaci\u00f3n de enfermedades raras y otros trastornos graves del desarrollo, recibi\u00f3 ayer el XXII Premio Jacinto Alcaraz Mellado, que concede anualmente el instituto Ben Arab\u00ed a aquellas personas o instituciones que se hayan distinguido por su trabajo a favor de la solidaridad, tolerancia y convivencia en la Regi\u00f3n de Murcia. D\u00b4GENES est\u00e1 [&hellip;]<\/p>\n","protected":false},"author":1,"featured_media":0,"comment_status":"closed","ping_status":"open","sticky":false,"template":"","format":"standard","meta":{"footnotes":""},"categories":[1],"tags":[],"class_list":["post-7210","post","type-post","status-publish","format-standard","hentry","category-sin-categoria"],"_links":{"self":[{"href":"https:\/\/www.benarabi.org\/index.php?rest_route=\/wp\/v2\/posts\/7210","targetHints":{"allow":["GET"]}}],"collection":[{"href":"https:\/\/www.benarabi.org\/index.php?rest_route=\/wp\/v2\/posts"}],"about":[{"href":"https:\/\/www.benarabi.org\/index.php?rest_route=\/wp\/v2\/types\/post"}],"author":[{"embeddable":true,"href":"https:\/\/www.benarabi.org\/index.php?rest_route=\/wp\/v2\/users\/1"}],"replies":[{"embeddable":true,"href":"https:\/\/www.benarabi.org\/index.php?rest_route=%2Fwp%2Fv2%2Fcomments&post=7210"}],"version-history":[{"count":1,"href":"https:\/\/www.benarabi.org\/index.php?rest_route=\/wp\/v2\/posts\/7210\/revisions"}],"predecessor-version":[{"id":7215,"href":"https:\/\/www.benarabi.org\/index.php?rest_route=\/wp\/v2\/posts\/7210\/revisions\/7215"}],"wp:attachment":[{"href":"https:\/\/www.benarabi.org\/index.php?rest_route=%2Fwp%2Fv2%2Fmedia&parent=7210"}],"wp:term":[{"taxonomy":"category","embeddable":true,"href":"https:\/\/www.benarabi.org\/index.php?rest_route=%2Fwp%2Fv2%2Fcategories&post=7210"},{"taxonomy":"post_tag","embeddable":true,"href":"https:\/\/www.benarabi.org\/index.php?rest_route=%2Fwp%2Fv2%2Ftags&post=7210"}],"curies":[{"name":"wp","href":"https:\/\/api.w.org\/{rel}","templated":true}]}}