{"id":7261,"date":"2020-02-03T10:12:07","date_gmt":"2020-02-03T09:12:07","guid":{"rendered":"http:\/\/www.benarabi.org\/?p=7261"},"modified":"2020-02-03T10:12:41","modified_gmt":"2020-02-03T09:12:41","slug":"entrega-del-premio-extraordinario-eso-a-aaron-alonso-garcia","status":"publish","type":"post","link":"https:\/\/www.benarabi.org\/?p=7261","title":{"rendered":"Entrega del Premio Extraordinario ESO a Aar\u00f3n Alonso Garc\u00eda"},"content":{"rendered":"<p><img loading=\"lazy\" decoding=\"async\" class=\"alignleft wp-image-7262 size-full\" src=\"http:\/\/www.benarabi.org\/wp-content\/uploads\/2020\/02\/Entrega-Premio-extraordinario-e1580721049714.jpeg\" alt=\"\" width=\"150\" height=\"90\" \/><\/p>\n<p style=\"text-align: justify;\">El pasado mi\u00e9rcoles 29 de enero, el alumno Aar\u00f3n Alonso Garc\u00eda, recibi\u00f3 uno de los Premios Extraordinarios de Educaci\u00f3n Secundaria de la Regi\u00f3n de Murcia correspondientes al curso 2018-19.<\/p>\n<p style=\"text-align: justify;\">El acto, que fue presidido por la consejera de Educaci\u00f3n y Cultura, Esperanza Moreno, se celebr\u00f3 en el Auditorio Regional de Murcia y se entregaron los Premios Extraordinarios de ESO, FP y Bachillerato.<\/p>\n<p style=\"text-align: justify;\">Un total de 60 alumnos fueron premiados y recibieron sus correspondientes diplomas acreditativos del Premio.<\/p>\n<p style=\"text-align: justify;\">Nuestro alumno, Aar\u00f3n Alonso, que actualmente cursa 1\u00ba bachillerato de la modalidad Ciencias Bachibac, recibi\u00f3 uno de los 10 premios de ESO otorgados en esta convocatoria de entre m\u00e1s de 400 candidatos.<\/p>\n<p style=\"text-align: justify;\">Esperanza Moreno felicit\u00f3 a los premiados y destac\u00f3 de estos alumnos su talento, esfuerzo, trabajo bien hecho as\u00ed como su excelencia acad\u00e9mica.<\/p>\n<p style=\"text-align: justify;\">Quiso remarcar que son un modelo a seguir por toda la comunidad educativa y un ejemplo para los m\u00e1s de 265.000 alumnos que cada d\u00eda acuden a los centros educativos de la Regi\u00f3n.<\/p>\n<p style=\"text-align: justify;\">\u00a1\u00a1La Comunidad Educativa del IES. Ben Arab\u00ed le damos la enhorabuena y le animamos a seguir trabajando d\u00eda a d\u00eda para conseguir todo aquello que se proponga!!<\/p>\n<p>&nbsp;<\/p>\n","protected":false},"excerpt":{"rendered":"<p>El pasado mi\u00e9rcoles 29 de enero, el alumno Aar\u00f3n Alonso Garc\u00eda, recibi\u00f3 uno de los Premios Extraordinarios de Educaci\u00f3n Secundaria de la Regi\u00f3n de Murcia correspondientes al curso 2018-19. El acto, que fue presidido por la consejera de Educaci\u00f3n y Cultura, Esperanza Moreno, se celebr\u00f3 en el Auditorio Regional de Murcia y se entregaron los [&hellip;]<\/p>\n","protected":false},"author":1,"featured_media":0,"comment_status":"closed","ping_status":"open","sticky":false,"template":"","format":"standard","meta":{"footnotes":""},"categories":[1],"tags":[],"class_list":["post-7261","post","type-post","status-publish","format-standard","hentry","category-sin-categoria"],"_links":{"self":[{"href":"https:\/\/www.benarabi.org\/index.php?rest_route=\/wp\/v2\/posts\/7261","targetHints":{"allow":["GET"]}}],"collection":[{"href":"https:\/\/www.benarabi.org\/index.php?rest_route=\/wp\/v2\/posts"}],"about":[{"href":"https:\/\/www.benarabi.org\/index.php?rest_route=\/wp\/v2\/types\/post"}],"author":[{"embeddable":true,"href":"https:\/\/www.benarabi.org\/index.php?rest_route=\/wp\/v2\/users\/1"}],"replies":[{"embeddable":true,"href":"https:\/\/www.benarabi.org\/index.php?rest_route=%2Fwp%2Fv2%2Fcomments&post=7261"}],"version-history":[{"count":3,"href":"https:\/\/www.benarabi.org\/index.php?rest_route=\/wp\/v2\/posts\/7261\/revisions"}],"predecessor-version":[{"id":7265,"href":"https:\/\/www.benarabi.org\/index.php?rest_route=\/wp\/v2\/posts\/7261\/revisions\/7265"}],"wp:attachment":[{"href":"https:\/\/www.benarabi.org\/index.php?rest_route=%2Fwp%2Fv2%2Fmedia&parent=7261"}],"wp:term":[{"taxonomy":"category","embeddable":true,"href":"https:\/\/www.benarabi.org\/index.php?rest_route=%2Fwp%2Fv2%2Fcategories&post=7261"},{"taxonomy":"post_tag","embeddable":true,"href":"https:\/\/www.benarabi.org\/index.php?rest_route=%2Fwp%2Fv2%2Ftags&post=7261"}],"curies":[{"name":"wp","href":"https:\/\/api.w.org\/{rel}","templated":true}]}}