{"id":7303,"date":"2020-02-10T13:50:32","date_gmt":"2020-02-10T12:50:32","guid":{"rendered":"http:\/\/www.benarabi.org\/?p=7303"},"modified":"2020-02-10T13:50:32","modified_gmt":"2020-02-10T12:50:32","slug":"entrega-de-premios-de-la-semana-cultural-y-dia-del-centro","status":"publish","type":"post","link":"https:\/\/www.benarabi.org\/?p=7303","title":{"rendered":"Entrega de Premios de la Semana Cultural y D\u00eda del Centro"},"content":{"rendered":"<div style=\"text-align: justify;\"><a href=\"http:\/\/www.benarabi.org\/wp-content\/uploads\/2020\/02\/20200207_100506.jpg\"><img loading=\"lazy\" decoding=\"async\" class=\"alignleft wp-image-7304 size-full\" src=\"http:\/\/www.benarabi.org\/wp-content\/uploads\/2020\/02\/20200207_100506-e1581338987922.jpg\" alt=\"\" width=\"150\" height=\"73\" \/><\/a>El pasado Viernes 7 de febrero tuvo lugar la entrega de los premios correspondientes a los concursos y competiciones desarrollados durante la Semana cultural y D\u00eda del centro del pasado mes de enero.<\/div>\n<div style=\"text-align: justify;\">Los premios iban desde 20\u20ac en material de la librer\u00eda Katay\u00a0m\u00e1s botella de agua de aluminio para los primeros clasificados, hasta Tarjeta de fotocopias gratuitas del centro m\u00e1s botella de agua para los segundos.<\/div>\n<div style=\"text-align: justify;\"><\/div>\n<div style=\"text-align: justify;\">En los dos concursos de la Semana Cultural sobre el Mar Menor los ganadores han sido:<\/div>\n<div style=\"text-align: justify;\"><b>Concurso de cortometraje sobre el Mar Menor:<\/b><\/div>\n<div style=\"text-align: justify;\"><b>1\u00ba y \u00fanico premio <\/b>para el corto \u00abSOMOS\u00bb.\u00a0 Realizado por Irene Sierra, Romina Farra, Rosa M\u00aa Garc\u00eda, Ian Lurqui, Cristina Soto,Ruth\u00a0Wale, Margarita Fern\u00e1ndez y C\u00e1meron\u00a0Montoya. Todos ellos, alumnos de 2\u00ba de bachillerato de Artes.<\/div>\n<div style=\"text-align: justify;\"><b>Concurso Separar residuos:<\/b><\/div>\n<ul>\n<li style=\"text-align: justify;\">1\u00ba clasificado: Nerea de la Cruz Pastor (E1G)<\/li>\n<li style=\"text-align: justify;\">2\u00ba clasificado: Sergio Morata San Mart\u00edn (E1E)<\/li>\n<\/ul>\n<div style=\"text-align: justify;\"><\/div>\n<div style=\"text-align: justify;\">Con respecto al d\u00eda del centro, los premiados han sido:<\/div>\n<div style=\"text-align: justify;\"><b>Gymkana matem\u00e1tica:<\/b><\/div>\n<div style=\"text-align: justify;\"><b>1\u00ba y \u00fanico clasificado: <\/b>el equipo formado por Ziyad Bachirem\u00a0Zeroual (E1C) y Yousef El Kihel (E2D)<\/div>\n<div style=\"text-align: justify;\"><b>Concurso de tiro a canasta:<\/b><\/div>\n<ul>\n<li style=\"text-align: justify;\">1\u00ba clasificado: Salvador Saura Brau (E2AF)<\/li>\n<li style=\"text-align: justify;\">2\u00ba clasificado: Antonio Conesa (2\u00ba bachillerato pluril\u00edng\u00fce)<\/li>\n<\/ul>\n<div style=\"text-align: justify;\"><\/div>\n<div style=\"text-align: justify;\">Agradecer al AMPA su colaboraci\u00f3n y participaci\u00f3n econ\u00f3mica en los premios y en el desayuno saludable que tuvo lugar en el D\u00eda del centro.<\/div>\n","protected":false},"excerpt":{"rendered":"<p>El pasado Viernes 7 de febrero tuvo lugar la entrega de los premios correspondientes a los concursos y competiciones desarrollados durante la Semana cultural y D\u00eda del centro del pasado mes de enero. Los premios iban desde 20\u20ac en material de la librer\u00eda Katay\u00a0m\u00e1s botella de agua de aluminio para los primeros clasificados, hasta Tarjeta [&hellip;]<\/p>\n","protected":false},"author":1,"featured_media":0,"comment_status":"closed","ping_status":"open","sticky":false,"template":"","format":"standard","meta":{"footnotes":""},"categories":[1],"tags":[],"class_list":["post-7303","post","type-post","status-publish","format-standard","hentry","category-sin-categoria"],"_links":{"self":[{"href":"https:\/\/www.benarabi.org\/index.php?rest_route=\/wp\/v2\/posts\/7303","targetHints":{"allow":["GET"]}}],"collection":[{"href":"https:\/\/www.benarabi.org\/index.php?rest_route=\/wp\/v2\/posts"}],"about":[{"href":"https:\/\/www.benarabi.org\/index.php?rest_route=\/wp\/v2\/types\/post"}],"author":[{"embeddable":true,"href":"https:\/\/www.benarabi.org\/index.php?rest_route=\/wp\/v2\/users\/1"}],"replies":[{"embeddable":true,"href":"https:\/\/www.benarabi.org\/index.php?rest_route=%2Fwp%2Fv2%2Fcomments&post=7303"}],"version-history":[{"count":2,"href":"https:\/\/www.benarabi.org\/index.php?rest_route=\/wp\/v2\/posts\/7303\/revisions"}],"predecessor-version":[{"id":7309,"href":"https:\/\/www.benarabi.org\/index.php?rest_route=\/wp\/v2\/posts\/7303\/revisions\/7309"}],"wp:attachment":[{"href":"https:\/\/www.benarabi.org\/index.php?rest_route=%2Fwp%2Fv2%2Fmedia&parent=7303"}],"wp:term":[{"taxonomy":"category","embeddable":true,"href":"https:\/\/www.benarabi.org\/index.php?rest_route=%2Fwp%2Fv2%2Fcategories&post=7303"},{"taxonomy":"post_tag","embeddable":true,"href":"https:\/\/www.benarabi.org\/index.php?rest_route=%2Fwp%2Fv2%2Ftags&post=7303"}],"curies":[{"name":"wp","href":"https:\/\/api.w.org\/{rel}","templated":true}]}}