{"id":7338,"date":"2020-03-02T13:04:37","date_gmt":"2020-03-02T12:04:37","guid":{"rendered":"http:\/\/www.benarabi.org\/?p=7338"},"modified":"2020-03-02T13:14:25","modified_gmt":"2020-03-02T12:14:25","slug":"entrega-de-premios-del-iii-certamen-literario-viento-del-pueblo","status":"publish","type":"post","link":"https:\/\/www.benarabi.org\/?p=7338","title":{"rendered":"Entrega de premios del III Certamen literario \u00abViento del pueblo\u00bb"},"content":{"rendered":"<p style=\"text-align: justify;\"><a href=\"http:\/\/www.benarabi.org\/wp-content\/uploads\/2020\/03\/unnamed.jpg\"><img loading=\"lazy\" decoding=\"async\" class=\"alignleft wp-image-7341 size-full\" src=\"http:\/\/www.benarabi.org\/wp-content\/uploads\/2020\/03\/unnamed-e1583150801383.jpg\" alt=\"\" width=\"150\" height=\"113\" \/><\/a>El d\u00eda 27 de febrero tuvo lugar el acto de entrega de los premios del III Certamen Literario Viento del Pueblo, en homenaje al poeta oriolano Miguel Hern\u00e1ndez. El concurso se organiza desde los IES Ben Arab\u00ed y Mediterr\u00e1neo de Cartagena. Como en anteriores ediciones, el concurso ha tenido como mecenas a la Fundaci\u00f3n Cultural Miguel Hern\u00e1ndez de Orihuela, cuyo director es el fil\u00f3logo Aitor L. Larrabide. Adem\u00e1s de con su presencia, el acto cont\u00f3 con la asistencia y participaci\u00f3n del Coordinador de la Concejal\u00eda de Educaci\u00f3n de Cartagena, Jos\u00e9 Carlos Fern\u00e1ndez, de los directores de los centros organizadores, Josefa Garc\u00eda y Manuel D\u00edaz, de los jefes de los Departamentos de Lengua Castellana y Literatura de sendos institutos, Enrique Pineda y Ascensi\u00f3n Mart\u00ednez, y del profesor de Geograf\u00eda e Historia y Cronista Oficial de la ciudad de Cartagena, Francisco Jos\u00e9 Franco.<\/p>\n<p style=\"text-align: justify;\">Se entregaron los dos galardones, uno para cada categor\u00eda: Pablo Gil Moreno(1\u00ba ESO del IES Villa de Abar\u00e1n), en la categor\u00eda de 1\u00ba a 3\u00baESO; Irene Mart\u00ednez Cutillas (1\u00ba de Bachillerato, IES Arzobispo Lozano de Jumilla), en la de 4\u00baESO y Bachillerato. Ambos premios, dotados con 200 euros, fueron aportados por la Fundaci\u00f3n Cultural Miguel Hern\u00e1ndez.<\/p>\n<p style=\"text-align: justify;\">Hay que destacar la emoci\u00f3n con la que recitaron sus versos y la gran calidad de los mismos. El acto finaliz\u00f3 con el emplazamiento a la participaci\u00f3n para la pr\u00f3xima edici\u00f3n.<\/p>\n<p>En este <a href=\"https:\/\/sites.google.com\/murciaeduca.es\/iiicertamenliterariovientodelp\/p%C3%A1gina-principal\" target=\"_blank\" rel=\"noopener\">enlace<\/a> a la web del certamen puedes ver fotograf\u00edas del acto, y leer los poemas premiados.<\/p>\n","protected":false},"excerpt":{"rendered":"<p>El d\u00eda 27 de febrero tuvo lugar el acto de entrega de los premios del III Certamen Literario Viento del Pueblo, en homenaje al poeta oriolano Miguel Hern\u00e1ndez. El concurso se organiza desde los IES Ben Arab\u00ed y Mediterr\u00e1neo de Cartagena. Como en anteriores ediciones, el concurso ha tenido como mecenas a la Fundaci\u00f3n Cultural [&hellip;]<\/p>\n","protected":false},"author":1,"featured_media":0,"comment_status":"closed","ping_status":"open","sticky":false,"template":"","format":"standard","meta":{"footnotes":""},"categories":[1],"tags":[],"class_list":["post-7338","post","type-post","status-publish","format-standard","hentry","category-sin-categoria"],"_links":{"self":[{"href":"https:\/\/www.benarabi.org\/index.php?rest_route=\/wp\/v2\/posts\/7338","targetHints":{"allow":["GET"]}}],"collection":[{"href":"https:\/\/www.benarabi.org\/index.php?rest_route=\/wp\/v2\/posts"}],"about":[{"href":"https:\/\/www.benarabi.org\/index.php?rest_route=\/wp\/v2\/types\/post"}],"author":[{"embeddable":true,"href":"https:\/\/www.benarabi.org\/index.php?rest_route=\/wp\/v2\/users\/1"}],"replies":[{"embeddable":true,"href":"https:\/\/www.benarabi.org\/index.php?rest_route=%2Fwp%2Fv2%2Fcomments&post=7338"}],"version-history":[{"count":5,"href":"https:\/\/www.benarabi.org\/index.php?rest_route=\/wp\/v2\/posts\/7338\/revisions"}],"predecessor-version":[{"id":7345,"href":"https:\/\/www.benarabi.org\/index.php?rest_route=\/wp\/v2\/posts\/7338\/revisions\/7345"}],"wp:attachment":[{"href":"https:\/\/www.benarabi.org\/index.php?rest_route=%2Fwp%2Fv2%2Fmedia&parent=7338"}],"wp:term":[{"taxonomy":"category","embeddable":true,"href":"https:\/\/www.benarabi.org\/index.php?rest_route=%2Fwp%2Fv2%2Fcategories&post=7338"},{"taxonomy":"post_tag","embeddable":true,"href":"https:\/\/www.benarabi.org\/index.php?rest_route=%2Fwp%2Fv2%2Ftags&post=7338"}],"curies":[{"name":"wp","href":"https:\/\/api.w.org\/{rel}","templated":true}]}}