{"id":7346,"date":"2020-03-05T10:46:13","date_gmt":"2020-03-05T09:46:13","guid":{"rendered":"http:\/\/www.benarabi.org\/?p=7346"},"modified":"2020-03-05T10:46:13","modified_gmt":"2020-03-05T09:46:13","slug":"programa-educativo-retame-y-aprendo-2020","status":"publish","type":"post","link":"https:\/\/www.benarabi.org\/?p=7346","title":{"rendered":"Programa educativo: R\u00e9tame y Aprendo 2020"},"content":{"rendered":"<p style=\"text-align: justify;\"><a href=\"http:\/\/www.benarabi.org\/wp-content\/uploads\/2020\/03\/retamey-aprendo-e1583401552577.jpg\"><img loading=\"lazy\" decoding=\"async\" class=\"alignleft size-full wp-image-7347\" src=\"http:\/\/www.benarabi.org\/wp-content\/uploads\/2020\/03\/retamey-aprendo-e1583401552577.jpg\" alt=\"\" width=\"150\" height=\"150\" \/><\/a>Los alumnos de 3\u00ba- 4\u00ba ESO y 1\u00ba -2\u00ba Bachillerato del IES. Ben Arab\u00ed van a participar en el programa educativo \u201cR\u00e9tame y Aprendo\u201d.<\/p>\n<p style=\"text-align: justify;\">El programa educativo \u201cR\u00e9tame y Aprendo\u201d se desarrolla de forma conjunta por la Consejer\u00eda de Educaci\u00f3n y Cultura, a trav\u00e9s de la Direcci\u00f3n General de Innovaci\u00f3n Educativa y Atenci\u00f3n a la Diversidad, y la Universidad Polit\u00e9cnica de Cartagena, a trav\u00e9s del Centro de Producci\u00f3n de Contenidos Digitales.<\/p>\n<p style=\"text-align: justify;\">La finalidad de este programa es que los alumnos jueguen aprendiendo y aprendan jugando.<\/p>\n<p style=\"text-align: justify;\">Entre los objetivos principales del programa \u201cR\u00e9tame y Aprendo\u201d se encuentran el despertar en el alumnado el inter\u00e9s por los contenidos curriculares de la etapa, estimular a los alumnos para que ampl\u00eden sus conocimientos por medio de la gamificaci\u00f3n y dotar al profesorado de recursos que faciliten la presentaci\u00f3n de los contenidos curriculares a sus alumnos.<\/p>\n<p style=\"text-align: justify;\">Toda la informaci\u00f3n del programa educativo, junto con v\u00eddeos explicativos, se encuentra en la web del programa,\u00a0 https:\/\/retame.upct.es\/<\/p>\n<p style=\"text-align: justify;\">La primera fase comienza del 9 al 13 de marzo.<\/p>\n<p style=\"text-align: justify;\">Mucha suerte.<\/p>\n","protected":false},"excerpt":{"rendered":"<p>Los alumnos de 3\u00ba- 4\u00ba ESO y 1\u00ba -2\u00ba Bachillerato del IES. Ben Arab\u00ed van a participar en el programa educativo \u201cR\u00e9tame y Aprendo\u201d. El programa educativo \u201cR\u00e9tame y Aprendo\u201d se desarrolla de forma conjunta por la Consejer\u00eda de Educaci\u00f3n y Cultura, a trav\u00e9s de la Direcci\u00f3n General de Innovaci\u00f3n Educativa y Atenci\u00f3n a la [&hellip;]<\/p>\n","protected":false},"author":1,"featured_media":0,"comment_status":"closed","ping_status":"open","sticky":false,"template":"","format":"standard","meta":{"footnotes":""},"categories":[1],"tags":[],"class_list":["post-7346","post","type-post","status-publish","format-standard","hentry","category-sin-categoria"],"_links":{"self":[{"href":"https:\/\/www.benarabi.org\/index.php?rest_route=\/wp\/v2\/posts\/7346","targetHints":{"allow":["GET"]}}],"collection":[{"href":"https:\/\/www.benarabi.org\/index.php?rest_route=\/wp\/v2\/posts"}],"about":[{"href":"https:\/\/www.benarabi.org\/index.php?rest_route=\/wp\/v2\/types\/post"}],"author":[{"embeddable":true,"href":"https:\/\/www.benarabi.org\/index.php?rest_route=\/wp\/v2\/users\/1"}],"replies":[{"embeddable":true,"href":"https:\/\/www.benarabi.org\/index.php?rest_route=%2Fwp%2Fv2%2Fcomments&post=7346"}],"version-history":[{"count":1,"href":"https:\/\/www.benarabi.org\/index.php?rest_route=\/wp\/v2\/posts\/7346\/revisions"}],"predecessor-version":[{"id":7348,"href":"https:\/\/www.benarabi.org\/index.php?rest_route=\/wp\/v2\/posts\/7346\/revisions\/7348"}],"wp:attachment":[{"href":"https:\/\/www.benarabi.org\/index.php?rest_route=%2Fwp%2Fv2%2Fmedia&parent=7346"}],"wp:term":[{"taxonomy":"category","embeddable":true,"href":"https:\/\/www.benarabi.org\/index.php?rest_route=%2Fwp%2Fv2%2Fcategories&post=7346"},{"taxonomy":"post_tag","embeddable":true,"href":"https:\/\/www.benarabi.org\/index.php?rest_route=%2Fwp%2Fv2%2Ftags&post=7346"}],"curies":[{"name":"wp","href":"https:\/\/api.w.org\/{rel}","templated":true}]}}