{"id":7352,"date":"2020-03-12T16:41:07","date_gmt":"2020-03-12T15:41:07","guid":{"rendered":"http:\/\/www.benarabi.org\/?p=7352"},"modified":"2020-03-12T17:04:10","modified_gmt":"2020-03-12T16:04:10","slug":"comunicado-de-suspension-de-actividad-lectiva-presencial","status":"publish","type":"post","link":"https:\/\/www.benarabi.org\/?p=7352","title":{"rendered":"Comunicado de Suspensi\u00f3n de actividad lectiva presencial"},"content":{"rendered":"<p style=\"text-align: justify;\"><a href=\"http:\/\/www.benarabi.org\/wp-content\/uploads\/2020\/03\/descarga.jpg\"><img loading=\"lazy\" decoding=\"async\" class=\"alignleft wp-image-7366 size-full\" src=\"http:\/\/www.benarabi.org\/wp-content\/uploads\/2020\/03\/descarga-e1584029032848.jpg\" alt=\"\" width=\"150\" height=\"83\" \/><\/a>Siguiendo instrucciones de la Directora General de Centros Educativos e Infraestructuras, informamos que la Consejer\u00eda de Educaci\u00f3n y Cultura ha decidido suspender la actividad lectiva presencial en todos los centros educativos de la Comunidad Aut\u00f3noma de la Regi\u00f3n de Murcia a partir del pr\u00f3ximo <strong>lunes 16 de marzo de 2020 hasta el pr\u00f3ximo d\u00eda 29 de marzo de 2020,<\/strong> cumpliendo as\u00ed los 14 d\u00edas de cuarentena preventiva que marca el protocolo sanitario. Esta decisi\u00f3n se adopta con el fin de evitar riesgos innecesarios para el alumnado, y en general, prevenir la difusi\u00f3n del virus entre la sociedad murciana.<\/p>\n<p style=\"text-align: justify;\">Desde el Equipo directivo del IES. Ben Arab\u00ed les pedimos que est\u00e9n atentos a la p\u00e1gina web del centro ya que, seg\u00fan nos vayan dando nuevas instrucciones, les mantendremos lo m\u00e1s informados posible.<\/p>\n<p style=\"text-align: justify;\">Si quieres leer el comunicado, <a href=\"http:\/\/www.benarabi.org\/wp-content\/uploads\/2020\/03\/Suspension-actividad-lectiva-TODOS-2.pdf\">pincha aqu\u00ed.<\/a><\/p>\n","protected":false},"excerpt":{"rendered":"<p>Siguiendo instrucciones de la Directora General de Centros Educativos e Infraestructuras, informamos que la Consejer\u00eda de Educaci\u00f3n y Cultura ha decidido suspender la actividad lectiva presencial en todos los centros educativos de la Comunidad Aut\u00f3noma de la Regi\u00f3n de Murcia a partir del pr\u00f3ximo lunes 16 de marzo de 2020 hasta el pr\u00f3ximo d\u00eda 29 [&hellip;]<\/p>\n","protected":false},"author":1,"featured_media":0,"comment_status":"closed","ping_status":"open","sticky":false,"template":"","format":"standard","meta":{"footnotes":""},"categories":[1],"tags":[],"class_list":["post-7352","post","type-post","status-publish","format-standard","hentry","category-sin-categoria"],"_links":{"self":[{"href":"https:\/\/www.benarabi.org\/index.php?rest_route=\/wp\/v2\/posts\/7352","targetHints":{"allow":["GET"]}}],"collection":[{"href":"https:\/\/www.benarabi.org\/index.php?rest_route=\/wp\/v2\/posts"}],"about":[{"href":"https:\/\/www.benarabi.org\/index.php?rest_route=\/wp\/v2\/types\/post"}],"author":[{"embeddable":true,"href":"https:\/\/www.benarabi.org\/index.php?rest_route=\/wp\/v2\/users\/1"}],"replies":[{"embeddable":true,"href":"https:\/\/www.benarabi.org\/index.php?rest_route=%2Fwp%2Fv2%2Fcomments&post=7352"}],"version-history":[{"count":5,"href":"https:\/\/www.benarabi.org\/index.php?rest_route=\/wp\/v2\/posts\/7352\/revisions"}],"predecessor-version":[{"id":7367,"href":"https:\/\/www.benarabi.org\/index.php?rest_route=\/wp\/v2\/posts\/7352\/revisions\/7367"}],"wp:attachment":[{"href":"https:\/\/www.benarabi.org\/index.php?rest_route=%2Fwp%2Fv2%2Fmedia&parent=7352"}],"wp:term":[{"taxonomy":"category","embeddable":true,"href":"https:\/\/www.benarabi.org\/index.php?rest_route=%2Fwp%2Fv2%2Fcategories&post=7352"},{"taxonomy":"post_tag","embeddable":true,"href":"https:\/\/www.benarabi.org\/index.php?rest_route=%2Fwp%2Fv2%2Ftags&post=7352"}],"curies":[{"name":"wp","href":"https:\/\/api.w.org\/{rel}","templated":true}]}}