{"id":7374,"date":"2020-03-15T11:04:25","date_gmt":"2020-03-15T10:04:25","guid":{"rendered":"http:\/\/www.benarabi.org\/?p=7374"},"modified":"2020-03-15T11:18:44","modified_gmt":"2020-03-15T10:18:44","slug":"admision-curso-escolar-2020-21-modificacion-de-plazos","status":"publish","type":"post","link":"https:\/\/www.benarabi.org\/?p=7374","title":{"rendered":"Admisi\u00f3n curso escolar 2020-21: Modificaci\u00f3n de plazos"},"content":{"rendered":"<p class=\"s3\" style=\"text-align: justify;\"><a href=\"http:\/\/www.benarabi.org\/wp-content\/uploads\/2020\/03\/F50AA36E-B0A6-46D2-A480-EDC76F9C720E-e1584266421881.png\"><img loading=\"lazy\" decoding=\"async\" class=\"alignleft size-full wp-image-7375\" src=\"http:\/\/www.benarabi.org\/wp-content\/uploads\/2020\/03\/F50AA36E-B0A6-46D2-A480-EDC76F9C720E-e1584266421881.png\" alt=\"\" width=\"150\" height=\"150\" \/><\/a>Estimadas familias:<\/p>\n<p class=\"s3\" style=\"text-align: justify;\"><span class=\"s2\"><span class=\"bumpedFont15\">A fin de asegurar a las familias la posibilidad de participaci\u00f3n en el proceso de escolarizaci\u00f3n, les informamos que <\/span><\/span><span class=\"s2\"><span class=\"bumpedFont15\">la Direcci\u00f3n General de Planificaci\u00f3n educativa y Recursos Humanos<\/span><\/span> <span class=\"s2\"><span class=\"bumpedFont15\">de la Consejer\u00eda de Educaci\u00f3n y Cultura <\/span><\/span><span class=\"s2\"><span class=\"bumpedFont15\">ha <\/span><\/span><span class=\"s2\"><span class=\"bumpedFont15\">estimado conveniente modificar <\/span><\/span><span class=\"s2\"><span class=\"bumpedFont15\">la Resoluci\u00f3n de 14 de febrero de 2020 de la Direcci\u00f3n General de Planificaci\u00f3n Educativa y Recursos Humanos, por la que se dictan instrucciones para el proceso ordinario de escolarizaci\u00f3n de alumnado en centros p\u00fablicos y privados concertados de Educaci\u00f3n Secundaria Obligatoria y Bachillerato en el curso escolar 2020-2021, por lo que<\/span><\/span><span class=\"s2\"><span class=\"bumpedFont15\">, ha resuelto que<\/span><\/span><span class=\"s2\"><span class=\"bumpedFont15\">:<\/span><\/span><\/p>\n<div class=\"s5\" style=\"text-align: justify; padding-left: 30px;\"><span class=\"s2\">1. <\/span><span class=\"s2\"><span class=\"bumpedFont15\">Los centros educativos no estar\u00e1n disponibles para ning\u00fan tipo de <\/span><\/span><span class=\"s4\"><span class=\"bumpedFont15\">tr\u00e1mite presencial <\/span><\/span><span class=\"s2\"><span class=\"bumpedFont15\">relacionado con el procedimiento de admisi\u00f3n de alumnado. Se suspende la tramitaci\u00f3n presencial de solicitudes d<\/span><\/span><span class=\"s2\"><span class=\"bumpedFont15\">e admisi\u00f3n <\/span><\/span><span class=\"s2\"><span class=\"bumpedFont15\">en tanto est\u00e9n vigentes las <\/span><\/span><span class=\"s2\"><span class=\"bumpedFont15\">medidas de confinamiento que restringen la libertad de circulaci\u00f3n de las personas.<\/span><\/span><\/div>\n<div class=\"s5\" style=\"text-align: justify; padding-left: 30px;\"><span class=\"s2\">2. <\/span><span class=\"s2\"><span class=\"bumpedFont15\">Se <\/span><\/span><span class=\"s4\"><span class=\"bumpedFont15\">modifican las fechas<\/span><\/span><span class=\"s2\"><span class=\"bumpedFont15\"> previstas en el Anexo I de la Resoluci\u00f3n de 14 de febrero de 2020 de la Direcci\u00f3n General de Planificaci\u00f3n Educativa y Recursos Humanos, por la que se dictan instrucciones para el proceso ordinario de escolarizaci\u00f3n de alumnado en centros p\u00fablicos y privados concertados de Educaci\u00f3n Secundaria Obligatoria y Bachillerato en el curso escolar 2020-2021, <\/span><\/span><\/div>\n<p class=\"s3\" style=\"text-align: justify;\"><span class=\"s4\"><span class=\"bumpedFont15\">E<\/span><\/span><span class=\"s4\"><span class=\"bumpedFont15\">l plazo de presentaci\u00f3n de solicitudes de la fase ordinaria<\/span><\/span><span class=\"s4\"><span class=\"bumpedFont15\">,<\/span><\/span><span class=\"s4\"><span class=\"bumpedFont15\"> s<\/span><\/span><span class=\"s4\"><span class=\"bumpedFont15\">e ampl\u00eda <\/span><\/span><span class=\"s4\"><span class=\"bumpedFont15\">hasta el 21 de abril.<\/span><\/span><\/p>\n","protected":false},"excerpt":{"rendered":"<p>Estimadas familias: A fin de asegurar a las familias la posibilidad de participaci\u00f3n en el proceso de escolarizaci\u00f3n, les informamos que la Direcci\u00f3n General de Planificaci\u00f3n educativa y Recursos Humanos de la Consejer\u00eda de Educaci\u00f3n y Cultura ha estimado conveniente modificar la Resoluci\u00f3n de 14 de febrero de 2020 de la Direcci\u00f3n General de Planificaci\u00f3n [&hellip;]<\/p>\n","protected":false},"author":1,"featured_media":0,"comment_status":"closed","ping_status":"open","sticky":false,"template":"","format":"standard","meta":{"footnotes":""},"categories":[1],"tags":[],"class_list":["post-7374","post","type-post","status-publish","format-standard","hentry","category-sin-categoria"],"_links":{"self":[{"href":"https:\/\/www.benarabi.org\/index.php?rest_route=\/wp\/v2\/posts\/7374","targetHints":{"allow":["GET"]}}],"collection":[{"href":"https:\/\/www.benarabi.org\/index.php?rest_route=\/wp\/v2\/posts"}],"about":[{"href":"https:\/\/www.benarabi.org\/index.php?rest_route=\/wp\/v2\/types\/post"}],"author":[{"embeddable":true,"href":"https:\/\/www.benarabi.org\/index.php?rest_route=\/wp\/v2\/users\/1"}],"replies":[{"embeddable":true,"href":"https:\/\/www.benarabi.org\/index.php?rest_route=%2Fwp%2Fv2%2Fcomments&post=7374"}],"version-history":[{"count":4,"href":"https:\/\/www.benarabi.org\/index.php?rest_route=\/wp\/v2\/posts\/7374\/revisions"}],"predecessor-version":[{"id":7384,"href":"https:\/\/www.benarabi.org\/index.php?rest_route=\/wp\/v2\/posts\/7374\/revisions\/7384"}],"wp:attachment":[{"href":"https:\/\/www.benarabi.org\/index.php?rest_route=%2Fwp%2Fv2%2Fmedia&parent=7374"}],"wp:term":[{"taxonomy":"category","embeddable":true,"href":"https:\/\/www.benarabi.org\/index.php?rest_route=%2Fwp%2Fv2%2Fcategories&post=7374"},{"taxonomy":"post_tag","embeddable":true,"href":"https:\/\/www.benarabi.org\/index.php?rest_route=%2Fwp%2Fv2%2Ftags&post=7374"}],"curies":[{"name":"wp","href":"https:\/\/api.w.org\/{rel}","templated":true}]}}