{"id":7401,"date":"2020-04-14T10:57:12","date_gmt":"2020-04-14T08:57:12","guid":{"rendered":"http:\/\/www.benarabi.org\/?p=7401"},"modified":"2020-04-14T10:57:12","modified_gmt":"2020-04-14T08:57:12","slug":"comienzo-tercer-trimestre","status":"publish","type":"post","link":"https:\/\/www.benarabi.org\/?p=7401","title":{"rendered":"Comienzo tercer trimestre"},"content":{"rendered":"<p style=\"text-align: justify;\"><a href=\"http:\/\/www.benarabi.org\/?attachment_id=7402\" rel=\"attachment wp-att-7402\"><img loading=\"lazy\" decoding=\"async\" class=\"alignleft wp-image-7402 size-full\" src=\"http:\/\/www.benarabi.org\/wp-content\/uploads\/2020\/04\/tercer-trimestre19-20-1-e1586854413633.jpg\" alt=\"\" width=\"150\" height=\"115\" \/><\/a>Estimados alumnos y familias:<\/p>\n<p style=\"text-align: justify;\">Deseamos que toda la comunidad educativa del IES. Ben Arab\u00ed se encuentre bien y que hayan descansado durante estos d\u00edas de vacaciones, que este a\u00f1o, habr\u00e1n sido muy diferentes.<\/p>\n<p style=\"text-align: justify;\">En primer lugar, queremos felicitar al alumnado por el enorme esfuerzo que han realizado, durante el final del segundo trimestre, siguiendo desde las casas, las tareas e indicaciones dadas por sus profesores as\u00ed como a su r\u00e1pida adaptaci\u00f3n a esta nueva forma de trabajar.<\/p>\n<p style=\"text-align: justify;\">Por otro lado, les informamos que, siguiendo el calendario escolar del Municipio de Cartagena, hoy, martes 14 de abril, comienzan las actividades lectivas del tercer trimestre. Puesto que seguimos en estado de alarma, de momento, hasta el 26 de abril, <strong>se reanudan las clases lectivas No presenciales. <\/strong><\/p>\n<p style=\"text-align: justify;\">Seguiremos con nuestra actividad docente, igual que lo hemos hecho en las dos \u00faltimas semanas, de modo que podamos garantizar la continuidad del proceso de ense\u00f1anza-aprendizaje de nuestros alumnos, teniendo en cuenta siempre la adaptaci\u00f3n, flexibilidad y racionalizaci\u00f3n de tareas.<\/p>\n<p style=\"text-align: justify;\">Ponemos en conocimiento de los padres que atenderemos a todo el alumnado por lo que es\u00a0 imprescindible que est\u00e9n muy atentos <strong>a Aula XXI, Telegram y al correo electr\u00f3nico de murciaeduca,<\/strong> ya que ser\u00e1n las herramientas que emplearemos para la comunicaci\u00f3n diaria entre profesores y alumnos.<\/p>\n<p style=\"text-align: justify;\">El <strong>mi\u00e9rcoles 15 de abril<\/strong> se celebrar\u00e1 una\u00a0Conferencia de Educaci\u00f3n, coordinada por el Ministerio de Educaci\u00f3n y Formaci\u00f3n Profesional y donde estar\u00e1n presentes todas las comunidades aut\u00f3nomas, con el objetivo fundamental de dar instrucciones a los centros para que podamos continuar con nuestra labor docente de una manera coordinada.<\/p>\n<p style=\"text-align: justify;\">En el momento en que recibamos esas instrucciones, os las haremos llegar para que sep\u00e1is c\u00f3mo proceder.<\/p>\n<p style=\"text-align: justify;\">Cualquier duda, quedamos a vuestra disposici\u00f3n.<\/p>\n<p style=\"text-align: justify;\">\n<p style=\"text-align: justify;\">Mucho \u00e1nimo<\/p>\n<p style=\"text-align: justify;\">El\u00a0 Equipo Directivo<\/p>\n","protected":false},"excerpt":{"rendered":"<p>Estimados alumnos y familias: Deseamos que toda la comunidad educativa del IES. Ben Arab\u00ed se encuentre bien y que hayan descansado durante estos d\u00edas de vacaciones, que este a\u00f1o, habr\u00e1n sido muy diferentes. En primer lugar, queremos felicitar al alumnado por el enorme esfuerzo que han realizado, durante el final del segundo trimestre, siguiendo desde [&hellip;]<\/p>\n","protected":false},"author":1,"featured_media":0,"comment_status":"closed","ping_status":"open","sticky":false,"template":"","format":"standard","meta":{"footnotes":""},"categories":[1],"tags":[],"class_list":["post-7401","post","type-post","status-publish","format-standard","hentry","category-sin-categoria"],"_links":{"self":[{"href":"https:\/\/www.benarabi.org\/index.php?rest_route=\/wp\/v2\/posts\/7401","targetHints":{"allow":["GET"]}}],"collection":[{"href":"https:\/\/www.benarabi.org\/index.php?rest_route=\/wp\/v2\/posts"}],"about":[{"href":"https:\/\/www.benarabi.org\/index.php?rest_route=\/wp\/v2\/types\/post"}],"author":[{"embeddable":true,"href":"https:\/\/www.benarabi.org\/index.php?rest_route=\/wp\/v2\/users\/1"}],"replies":[{"embeddable":true,"href":"https:\/\/www.benarabi.org\/index.php?rest_route=%2Fwp%2Fv2%2Fcomments&post=7401"}],"version-history":[{"count":1,"href":"https:\/\/www.benarabi.org\/index.php?rest_route=\/wp\/v2\/posts\/7401\/revisions"}],"predecessor-version":[{"id":7403,"href":"https:\/\/www.benarabi.org\/index.php?rest_route=\/wp\/v2\/posts\/7401\/revisions\/7403"}],"wp:attachment":[{"href":"https:\/\/www.benarabi.org\/index.php?rest_route=%2Fwp%2Fv2%2Fmedia&parent=7401"}],"wp:term":[{"taxonomy":"category","embeddable":true,"href":"https:\/\/www.benarabi.org\/index.php?rest_route=%2Fwp%2Fv2%2Fcategories&post=7401"},{"taxonomy":"post_tag","embeddable":true,"href":"https:\/\/www.benarabi.org\/index.php?rest_route=%2Fwp%2Fv2%2Ftags&post=7401"}],"curies":[{"name":"wp","href":"https:\/\/api.w.org\/{rel}","templated":true}]}}