{"id":7429,"date":"2020-04-27T19:26:40","date_gmt":"2020-04-27T17:26:40","guid":{"rendered":"http:\/\/www.benarabi.org\/?p=7429"},"modified":"2020-04-27T19:26:40","modified_gmt":"2020-04-27T17:26:40","slug":"bachibac-acuerdos-para-el-final-de-curso-19-20","status":"publish","type":"post","link":"https:\/\/www.benarabi.org\/?p=7429","title":{"rendered":"BACHIBAC: Acuerdos para el final de curso 19-20"},"content":{"rendered":"<p style=\"text-align: justify;\"><img loading=\"lazy\" decoding=\"async\" class=\"alignleft wp-image-7430 size-full\" src=\"http:\/\/www.benarabi.org\/wp-content\/uploads\/2020\/04\/BACHIBAC-e1588008375221.png\" alt=\"\" width=\"150\" height=\"113\" \/>Estimadas familias:<\/p>\n<p style=\"text-align: justify;\">\n<p style=\"text-align: justify;\">Siguiendo instrucciones del Servicio de Programas Educativos de la Direcci\u00f3n General de Innovaci\u00f3n Educativa y Atenci\u00f3n a la Diversidad\u00a0de la Consejer\u00eda de Educaci\u00f3n y Cultura, les informamos de las decisiones acordadas a nivel nacional para solventar la situaci\u00f3n creada tras la cancelaci\u00f3n en Francia de la prueba de\u00a0<em>baccalaur\u00e9at<\/em>.<\/p>\n<p style=\"text-align: justify;\">\n<p style=\"text-align: justify;\">Tras la Comisi\u00f3n General celebrada el pasado viernes 24 de abril 2020 se ha informado a los Directores Generales sobre la decisi\u00f3n adoptada en respuesta a la <strong>suspensi\u00f3n por parte de la Administraci\u00f3n francesa de las pruebas BAC para este curso 2019\/2020, incluidas las relativas a las dos materias del curr\u00edculo mixto del Programa Bachibac.<\/strong><\/p>\n<p style=\"text-align: justify;\">\n<p style=\"text-align: justify;\">Detallamos aqu\u00ed las implicaciones de los acuerdos a los que nuestro Ministerio, el ministerio de Educaci\u00f3n franc\u00e9s y las CCAA han llegado:<\/p>\n<ul>\n<li style=\"text-align: justify;\">Pese a la eliminaci\u00f3n de las pruebas externas, los alumnos obtendr\u00e1n la doble titulaci\u00f3n en caso de finalizar el curso de 2\u00ba de bachillerato con \u00e9xito.<\/li>\n<li style=\"text-align: justify;\">La nota del t\u00edtulo de baccaulaur\u00e9at\u00a0ser\u00e1 la misma nota que la del bachillerato, al no haber prueba final no se aplicar\u00e1 la ponderaci\u00f3n 70\/30 para calcular esa nota.<\/li>\n<li style=\"text-align: justify;\">El alumnado podr\u00e1 acceder a la universidad con el t\u00edtulo de baccalaur\u00e9at, directamente. Su calificaci\u00f3n ser\u00e1 la misma que se obtenga en el t\u00edtulo de bachillerato.<\/li>\n<li style=\"text-align: justify;\">Para subir la nota para la fase de admisi\u00f3n (entre 10 y 14), este alumnado puede presentarse a las materias espec\u00edficas de la fase voluntaria EBAU\u00a0que necesite.<\/li>\n<li style=\"text-align: justify;\">En el caso de que el alumnado Bachibac decidiera presentarse a la fase general de EBAU, deber\u00eda hacer el examen general completo, sin posibilidad de resultar exento de ninguna materia.<\/li>\n<\/ul>\n<p style=\"text-align: justify;\">Esperamos que estas noticias tranquilicen a todos los miembros de la comunidad educativa involucrados.<\/p>\n<p style=\"text-align: justify;\">Cualquier duda, quedamos a su disposici\u00f3n.<\/p>\n<p style=\"text-align: justify;\">El Equipo Directivo<\/p>\n","protected":false},"excerpt":{"rendered":"<p>Estimadas familias: Siguiendo instrucciones del Servicio de Programas Educativos de la Direcci\u00f3n General de Innovaci\u00f3n Educativa y Atenci\u00f3n a la Diversidad\u00a0de la Consejer\u00eda de Educaci\u00f3n y Cultura, les informamos de las decisiones acordadas a nivel nacional para solventar la situaci\u00f3n creada tras la cancelaci\u00f3n en Francia de la prueba de\u00a0baccalaur\u00e9at. Tras la Comisi\u00f3n General celebrada [&hellip;]<\/p>\n","protected":false},"author":1,"featured_media":0,"comment_status":"closed","ping_status":"open","sticky":false,"template":"","format":"standard","meta":{"footnotes":""},"categories":[1],"tags":[],"class_list":["post-7429","post","type-post","status-publish","format-standard","hentry","category-sin-categoria"],"_links":{"self":[{"href":"https:\/\/www.benarabi.org\/index.php?rest_route=\/wp\/v2\/posts\/7429","targetHints":{"allow":["GET"]}}],"collection":[{"href":"https:\/\/www.benarabi.org\/index.php?rest_route=\/wp\/v2\/posts"}],"about":[{"href":"https:\/\/www.benarabi.org\/index.php?rest_route=\/wp\/v2\/types\/post"}],"author":[{"embeddable":true,"href":"https:\/\/www.benarabi.org\/index.php?rest_route=\/wp\/v2\/users\/1"}],"replies":[{"embeddable":true,"href":"https:\/\/www.benarabi.org\/index.php?rest_route=%2Fwp%2Fv2%2Fcomments&post=7429"}],"version-history":[{"count":1,"href":"https:\/\/www.benarabi.org\/index.php?rest_route=\/wp\/v2\/posts\/7429\/revisions"}],"predecessor-version":[{"id":7431,"href":"https:\/\/www.benarabi.org\/index.php?rest_route=\/wp\/v2\/posts\/7429\/revisions\/7431"}],"wp:attachment":[{"href":"https:\/\/www.benarabi.org\/index.php?rest_route=%2Fwp%2Fv2%2Fmedia&parent=7429"}],"wp:term":[{"taxonomy":"category","embeddable":true,"href":"https:\/\/www.benarabi.org\/index.php?rest_route=%2Fwp%2Fv2%2Fcategories&post=7429"},{"taxonomy":"post_tag","embeddable":true,"href":"https:\/\/www.benarabi.org\/index.php?rest_route=%2Fwp%2Fv2%2Ftags&post=7429"}],"curies":[{"name":"wp","href":"https:\/\/api.w.org\/{rel}","templated":true}]}}