{"id":7432,"date":"2020-04-28T21:48:35","date_gmt":"2020-04-28T19:48:35","guid":{"rendered":"http:\/\/www.benarabi.org\/?p=7432"},"modified":"2020-04-28T22:16:21","modified_gmt":"2020-04-28T20:16:21","slug":"medidas-educativas-para-el-desarrollo-del-tercer-trimestre-del-curso-2019-2020","status":"publish","type":"post","link":"https:\/\/www.benarabi.org\/?p=7432","title":{"rendered":"Medidas Educativas para el desarrollo del tercer trimestre del curso 2019-2020"},"content":{"rendered":"<p style=\"text-align: justify;\"><img loading=\"lazy\" decoding=\"async\" class=\"alignleft size-full wp-image-7392\" src=\"http:\/\/www.benarabi.org\/wp-content\/uploads\/2020\/04\/importante-e1585910836806.png\" alt=\"\" width=\"150\" height=\"107\" \/>Siguiendo las instrucciones de 20 de Abril de 2020, de la Consejer\u00eda de Educaci\u00f3n y Cultura sobre medidas educativas para el desarrollo del tercer trimestre del curso 2019\/2020 motivadas por el impacto del COVID-19 en los centros educativos de la Regi\u00f3n de Murcia, el Equipo Directivo del IES. Ben Arab\u00ed ha concretado las siguientes actuaciones para el final del curso\u00a0 escolar 2019-20, de acuerdo a la normativa vigente y contemplando que las actividades lectivas sigan siendo no presenciales.<\/p>\n<p style=\"text-align: justify;\"><strong>Comunicaci\u00f3n y coordinaci\u00f3n con las familias<\/strong>:<\/p>\n<ul style=\"text-align: justify;\">\n<li>El equipo directivo informar\u00e1 de todo aquello que repercuta en el alumnado y sus familias a trav\u00e9s de los canales de comunicaci\u00f3n habituales: web del centro, aula XXI, Telegram y correo electr\u00f3nico.<\/li>\n<li>El tutor de cada grupo ser\u00e1 la persona que canalice y coordine la informaci\u00f3n entre el equipo docente y la familia.<\/li>\n<\/ul>\n<p style=\"text-align: justify;\"><strong>Proceso de ense\u00f1anza-aprendizaje:<\/strong><strong>\u00a0<\/strong><\/p>\n<ul style=\"text-align: justify;\">\n<li>En el proceso de ense\u00f1anza-aprendizaje primar\u00e1 el refuerzo y consolidaci\u00f3n de los aprendizajes realizados durante el 1er y 2\u00ba trimestre, y en su caso al avance de nuevos contenidos que el equipo docente haya considerado esenciales para la adquisici\u00f3n de las competencias imprescindibles.<\/li>\n<li>Al finalizar el curso, el equipo docente realizar\u00e1 la evaluaci\u00f3n final, que nunca podr\u00e1 perjudicar a la calificaci\u00f3n que haya obtenido en la primera y segunda evaluaci\u00f3n.<\/li>\n<li>Para los alumnos que tienen asignaturas pendientes de cursos anteriores ya sea el profesor de repaso de la materia, si la hab\u00eda, como el jefe de departamento, ofrecer\u00e1 actividades de apoyo y tareas que permitan superar dichas materias.<\/li>\n<li>Los Departamentos Did\u00e1cticos realizar\u00e1n una adecuaci\u00f3n y flexibilizaci\u00f3n de las programaciones docentes.<\/li>\n<li>El profesorado elaborar\u00e1 planes de trabajo quincenales con la planificaci\u00f3n de las actividades a desarrollar con el fin de que sean conocidos por alumnos y familias. Estos planes de trabajo quincenales estar\u00e1n disponibles en el aula XXI de cada tutor.<\/li>\n<\/ul>\n<p style=\"text-align: justify;\"><strong>Calendario de evaluaci\u00f3n<\/strong><strong>\u00a0<\/strong><\/p>\n<ul style=\"text-align: justify;\">\n<li>Se mantendr\u00e1 el mismo salvo para el 2\u00ba bachillerato cuya evaluaci\u00f3n ordinaria se realizar\u00e1 antes del 22 de junio de 2020 y la evaluaci\u00f3n extraordinaria, que se realizar\u00e1 durante los tres primeros d\u00edas del mes de septiembre.<\/li>\n<\/ul>\n<p style=\"text-align: justify;\"><strong>\u00a0<\/strong><strong>Promoci\u00f3n y titulaci\u00f3n<\/strong><strong>\u00a0<\/strong><\/p>\n<ul>\n<li style=\"text-align: justify;\">Las condiciones para promocionar de curso o titular no han sido modificadas. El aprobado general no se ha contemplado en ning\u00fan momento. Los mismos, se pueden consultar en la web del centro, en apartado Padres\/Informaci\u00f3n a padres\/Criterios de promoci\u00f3n y titulaci\u00f3n LOMCE Curso 2019-20.<\/li>\n<\/ul>\n<p>&nbsp;<\/p>\n<p>Si quieres ver las instrucciones de 20 de abril de 2020 completas\u00a0<a href=\"http:\/\/www.benarabi.org\/wp-content\/uploads\/2020\/04\/Instrucciones-medidas-educativas-tercer-trimestre-3.pdf\" target=\"_blank\" rel=\"noopener\">pincha aqu\u00ed<\/a>.<\/p>\n","protected":false},"excerpt":{"rendered":"<p>Siguiendo las instrucciones de 20 de Abril de 2020, de la Consejer\u00eda de Educaci\u00f3n y Cultura sobre medidas educativas para el desarrollo del tercer trimestre del curso 2019\/2020 motivadas por el impacto del COVID-19 en los centros educativos de la Regi\u00f3n de Murcia, el Equipo Directivo del IES. Ben Arab\u00ed ha concretado las siguientes actuaciones [&hellip;]<\/p>\n","protected":false},"author":1,"featured_media":0,"comment_status":"closed","ping_status":"open","sticky":false,"template":"","format":"standard","meta":{"footnotes":""},"categories":[1],"tags":[],"class_list":["post-7432","post","type-post","status-publish","format-standard","hentry","category-sin-categoria"],"_links":{"self":[{"href":"https:\/\/www.benarabi.org\/index.php?rest_route=\/wp\/v2\/posts\/7432","targetHints":{"allow":["GET"]}}],"collection":[{"href":"https:\/\/www.benarabi.org\/index.php?rest_route=\/wp\/v2\/posts"}],"about":[{"href":"https:\/\/www.benarabi.org\/index.php?rest_route=\/wp\/v2\/types\/post"}],"author":[{"embeddable":true,"href":"https:\/\/www.benarabi.org\/index.php?rest_route=\/wp\/v2\/users\/1"}],"replies":[{"embeddable":true,"href":"https:\/\/www.benarabi.org\/index.php?rest_route=%2Fwp%2Fv2%2Fcomments&post=7432"}],"version-history":[{"count":3,"href":"https:\/\/www.benarabi.org\/index.php?rest_route=\/wp\/v2\/posts\/7432\/revisions"}],"predecessor-version":[{"id":7447,"href":"https:\/\/www.benarabi.org\/index.php?rest_route=\/wp\/v2\/posts\/7432\/revisions\/7447"}],"wp:attachment":[{"href":"https:\/\/www.benarabi.org\/index.php?rest_route=%2Fwp%2Fv2%2Fmedia&parent=7432"}],"wp:term":[{"taxonomy":"category","embeddable":true,"href":"https:\/\/www.benarabi.org\/index.php?rest_route=%2Fwp%2Fv2%2Fcategories&post=7432"},{"taxonomy":"post_tag","embeddable":true,"href":"https:\/\/www.benarabi.org\/index.php?rest_route=%2Fwp%2Fv2%2Ftags&post=7432"}],"curies":[{"name":"wp","href":"https:\/\/api.w.org\/{rel}","templated":true}]}}