{"id":7484,"date":"2020-05-25T10:37:33","date_gmt":"2020-05-25T08:37:33","guid":{"rendered":"http:\/\/www.benarabi.org\/?p=7484"},"modified":"2020-06-12T10:25:26","modified_gmt":"2020-06-12T08:25:26","slug":"matriculacion-del-alumnado-propio-curso-2020-21","status":"publish","type":"post","link":"https:\/\/www.benarabi.org\/?p=7484","title":{"rendered":"Matriculaci\u00f3n del alumnado propio: Curso 2020-21"},"content":{"rendered":"<p style=\"text-align: justify;\"><img loading=\"lazy\" decoding=\"async\" class=\"size-full alignleft\" src=\"http:\/\/www.benarabi.org\/wp-content\/uploads\/2019\/06\/matriculacion19-20-e1559664848633.jpg\" width=\"150\" height=\"90\" \/>Estimadas familias:<\/p>\n<p style=\"text-align: justify;\">Les informamos que, debido a la situaci\u00f3n excepcional en la que nos encontramos de estado de alarma y para garantizar la protecci\u00f3n de la salud de toda la Comunidad Educativa del IES Ben Arab\u00ed, el <strong>proceso de matriculaci\u00f3n<\/strong> <strong>del alumnado propio<\/strong> se va a adelantar respecto a cursos anteriores y se va a realizar <strong>preferentemente de manera telem\u00e1tica. <\/strong><\/p>\n<p style=\"text-align: justify;\">El plazo para realizar la matr\u00edcula se extender\u00e1 desde el <strong>lunes 1 de junio hasta el viernes 12 de junio <\/strong>(ambos incluidos).<\/p>\n<p style=\"text-align: justify;\">A continuaci\u00f3n, les explicamos el procedimiento de c\u00f3mo cumplimentarla.<\/p>\n<p style=\"text-align: justify;\">Adem\u00e1s dejamos a su disposici\u00f3n la siguiente <a href=\"http:\/\/www.benarabi.org\/wp-content\/uploads\/2020\/05\/INSTRUCCIONES-PARA-MATRICULACI\u00d3N-20-21.pdf\">infograf\u00eda<\/a> con la informaci\u00f3n resumida.<\/p>\n<p style=\"text-align: justify;\">Un saludo<\/p>\n<p style=\"text-align: justify;\">El Equipo Directivo<\/p>\n<p>&nbsp;<\/p>\n<p style=\"text-align: justify;\"><strong><u>DOCUMENTACI\u00d3N A CUMPLIMENTAR Y ANEXAR<\/u><\/strong><\/p>\n<p style=\"padding-left: 30px; text-align: justify;\">1.Cumplimentar <strong>Impreso de matr\u00edcula<\/strong> (disponible en Aula XXI).<\/p>\n<p style=\"padding-left: 30px; text-align: justify;\">2.Para alumnos que se vayan a matricular en \u00a03\u00ba ESO, 4\u00ba ESO, 1\u00ba Bachillerato y 2\u00ba Bachillerato deber\u00e1n adjuntar <strong>el resguardo del pago del Seguro Escolar (1,12 euros).\u00a0<\/strong><\/p>\n<p style=\"padding-left: 60px; text-align: justify;\"><strong>LOS INGRESOS \u00a0DEL PAGO DEL SEGURO ESCOLAR SE REALIZAR\u00c1N EN LA SIGUIENTE CUENTA:<\/strong><\/p>\n<p style=\"padding-left: 60px; text-align: justify;\"><strong><u>N\u00daMERO DE CUENTA<\/u><\/strong>: ES03 2038 3012 9964 0000 2424 Bankia<\/p>\n<p style=\"padding-left: 60px; text-align: justify;\"><strong>\u00a1MUY IMPORTANTE!<\/strong><\/p>\n<p style=\"padding-left: 60px; text-align: justify;\">Deber\u00e1n poner como <strong>CONCEPTO<\/strong>: el\u00a0 nombre del alumno y curso en que se matricula <strong>(Es muy importante que aparezca el nombre del alumno y no de la persona que realiza el ingreso). <\/strong><\/p>\n<p style=\"padding-left: 30px; text-align: justify;\">3.Para los alumnos que se matriculen en el Programa de Horarios Integrados deber\u00e1n de cumplimentar el <strong>Anexo de Convalidaciones (<\/strong>disponible en Aula XXI).<\/p>\n<p style=\"padding-left: 30px; text-align: justify;\">4.Este curso acad\u00e9mico no es imprescindible adjuntar foto en el impreso de matr\u00edcula.<\/p>\n<p style=\"text-align: justify;\"><strong>\u00a0<\/strong><\/p>\n<p style=\"text-align: justify;\"><strong><u>INSTRUCCIONES PARA CUMPLIMENTAR LA MATR\u00cdCULA<\/u><\/strong><\/p>\n<p style=\"padding-left: 30px; text-align: justify;\">\u00a01.<strong>Todo<\/strong> el alumnado del Centro <strong>debe obligatoriamente<\/strong> realizar su matr\u00edcula, de lo contrario, podr\u00eda perder su plaza y ser ofertada a otros alumnos. (Los alumnos que actualmente cursan \u00a02\u00ba Bach y tuvieran que repetir, la har\u00e1n m\u00e1s adelante).<\/p>\n<p style=\"padding-left: 30px; text-align: justify;\">2.Los alumnos seguir\u00e1n los siguientes criterios a la hora de cumplimentar la matr\u00edcula:<\/p>\n<p style=\"padding-left: 60px; text-align: justify;\">&#8211; Los alumnos con <strong>0, 1, 2, 3 y 4 suspensos<\/strong> en la 2\u00aa evaluaci\u00f3n, se matricular\u00e1n del <strong>curso siguiente<\/strong> al que actualmente estudian. (Hay que incluir las materias pendientes del a\u00f1o anterior suspensas, si las hay)<\/p>\n<p style=\"padding-left: 60px; text-align: justify;\">-Los alumnos con <strong>5 o m\u00e1s suspensos<\/strong> en la 2\u00aa evaluaci\u00f3n, se matricular\u00e1n del <strong>mismo curso<\/strong> que actualmente estudian. (SALVO REPETIDORES, que lo har\u00e1n del siguiente curso ya que pasan por promoci\u00f3n autom\u00e1tica, en el caso de la ESO). (Hay que incluir las materias pendientes suspensas del a\u00f1o anterior, si las hay).<\/p>\n<p style=\"padding-left: 90px; text-align: justify;\">Cuando se lleven a cabo las evaluaciones: FINAL y\/o EXTRAORDINARIA,\u00a0 en el caso de que haya cambios en cuanto a materias suspensas, Jefatura de estudios llamar\u00e1 a los alumnos afectados para que actualicen su matr\u00edcula.<\/p>\n<p style=\"padding-left: 90px; text-align: justify;\">Recordamos que, desde el pasado 2 de abril, las calificaciones de la 2\u00aa eval \u00a0est\u00e1n publicadas en MIRADOR.<\/p>\n<p style=\"text-align: justify; padding-left: 30px;\">3.Todo el alumnado debe cumplimentar el impreso de matr\u00edcula del nivel correspondiente, que se encuentra disponible, <strong>a partir del lunes 1 de junio<\/strong>, en el aula XXI, en el curso de nombre <strong>MATRICULA PARA EL CURSO 20-21<\/strong>. En este curso, el alumno encontrar\u00e1 la TAREA de nombre <strong>MATRICULA 20-21<\/strong> y el curso que actualmente estudian. All\u00ed encontrar\u00e1 dos archivos: uno del nivel siguiente y otro del mismo nivel (para los que repitan). Seg\u00fan la situaci\u00f3n de cada alumno, deber\u00e1 rellenar uno u otro. Se trata de documentos pdf editables, es decir, los campos se pueden rellenar on line. El impreso deber\u00e1 ir <strong>firmado por ambos progenitores<\/strong> (no se admitir\u00e1n impresos sin firma). <strong>Aquellos que deban ingresar el pago del Seguro Escolar deber\u00e1n a\u00f1adir el justificante de haber realizado dicho pago<\/strong>. Una vez cumplimentado, lo suben a la tarea. NO OLVIDAR: Para subir el impreso, deben modificar el nombre del archivo con el siguiente formato: (nombre y apellidos del alumno y curso actual,.. Ejemplo: JOS\u00c9 MART\u00cdNEZ L\u00d3PEZ_E1AF). De esta manera, el alumno ya queda matriculado.<\/p>\n<p style=\"text-align: justify; padding-left: 30px;\">4.Antes de cumplimentar el impreso, lean detenidamente el documento de Orientaciones para alumnos y familias para la matriculaci\u00f3n, elaborado por el departamento de Orientaci\u00f3n. Es muy importante que a la hora de cumplimentar la matr\u00edcula, lo hagan conjuntamente alumno y padres. Se trata de un proceso de reflexi\u00f3n en el que deben escoger entre las asignaturas optativas, numer\u00e1ndolas por orden de preferencia, ya que aunque se oferten todas, finalmente se impartir\u00e1n aquellas que tengan un n\u00famero suficiente de alumnos. Una vez formalizada la matr\u00edcula, no se podr\u00e1 cambiar de optativas.<\/p>\n<p style=\"text-align: justify; padding-left: 30px;\">5.En el caso de que alguna familia tenga problemas para hacer la matr\u00edcula de manera telem\u00e1tica, podr\u00e1 hacerla <strong>de manera presencial<\/strong>. Para ello, podr\u00e1 pedir <strong>cita previa a partir del<\/strong><strong> lunes 25 al viernes 29 de mayo<\/strong>. Esta se dar\u00e1 llamando al tel\u00e9fono del centro: <strong>968 31 31 30<\/strong>, en horario de <strong>9:00 a 13:00 h<\/strong>. Se atender\u00e1 exclusivamente a las personas con cita previa. Para garantizar la seguridad de todos, no se permitir\u00e1 el acceso al centro a personas que no tengan cita previa y se recuerda la obligaci\u00f3n de cumplir con las recomendaciones sanitarias establecidas.<\/p>\n<p>&nbsp;<\/p>\n<p>Los alumnos que se matriculen de 1\u00ba, 2\u00ba, y 3\u00ba de la ESO abonar\u00e1n en septiembre el importe de la agenda escolar al ser material obligatorio del centro.<\/p>\n","protected":false},"excerpt":{"rendered":"<p>Estimadas familias: Les informamos que, debido a la situaci\u00f3n excepcional en la que nos encontramos de estado de alarma y para garantizar la protecci\u00f3n de la salud de toda la Comunidad Educativa del IES Ben Arab\u00ed, el proceso de matriculaci\u00f3n del alumnado propio se va a adelantar respecto a cursos anteriores y se va a [&hellip;]<\/p>\n","protected":false},"author":1,"featured_media":0,"comment_status":"closed","ping_status":"open","sticky":false,"template":"","format":"standard","meta":{"footnotes":""},"categories":[1],"tags":[],"class_list":["post-7484","post","type-post","status-publish","format-standard","hentry","category-sin-categoria"],"_links":{"self":[{"href":"https:\/\/www.benarabi.org\/index.php?rest_route=\/wp\/v2\/posts\/7484","targetHints":{"allow":["GET"]}}],"collection":[{"href":"https:\/\/www.benarabi.org\/index.php?rest_route=\/wp\/v2\/posts"}],"about":[{"href":"https:\/\/www.benarabi.org\/index.php?rest_route=\/wp\/v2\/types\/post"}],"author":[{"embeddable":true,"href":"https:\/\/www.benarabi.org\/index.php?rest_route=\/wp\/v2\/users\/1"}],"replies":[{"embeddable":true,"href":"https:\/\/www.benarabi.org\/index.php?rest_route=%2Fwp%2Fv2%2Fcomments&post=7484"}],"version-history":[{"count":10,"href":"https:\/\/www.benarabi.org\/index.php?rest_route=\/wp\/v2\/posts\/7484\/revisions"}],"predecessor-version":[{"id":7507,"href":"https:\/\/www.benarabi.org\/index.php?rest_route=\/wp\/v2\/posts\/7484\/revisions\/7507"}],"wp:attachment":[{"href":"https:\/\/www.benarabi.org\/index.php?rest_route=%2Fwp%2Fv2%2Fmedia&parent=7484"}],"wp:term":[{"taxonomy":"category","embeddable":true,"href":"https:\/\/www.benarabi.org\/index.php?rest_route=%2Fwp%2Fv2%2Fcategories&post=7484"},{"taxonomy":"post_tag","embeddable":true,"href":"https:\/\/www.benarabi.org\/index.php?rest_route=%2Fwp%2Fv2%2Ftags&post=7484"}],"curies":[{"name":"wp","href":"https:\/\/api.w.org\/{rel}","templated":true}]}}