{"id":7563,"date":"2020-06-16T12:48:29","date_gmt":"2020-06-16T10:48:29","guid":{"rendered":"http:\/\/www.benarabi.org\/?p=7563"},"modified":"2020-06-16T12:49:21","modified_gmt":"2020-06-16T10:49:21","slug":"admision-de-alumnos","status":"publish","type":"post","link":"https:\/\/www.benarabi.org\/?p=7563","title":{"rendered":"Admisi\u00f3n de alumnos"},"content":{"rendered":"<p style=\"text-align: justify;\"><img loading=\"lazy\" decoding=\"async\" class=\"size-full alignleft\" src=\"http:\/\/www.benarabi.org\/wp-content\/uploads\/2020\/04\/article.jpg\" width=\"152\" height=\"100\" \/>Siguiendo el ANEXO III\u2013B de la Resoluci\u00f3n de 8 de mayo de 2020 de la Direcci\u00f3n General de Planificaci\u00f3n Educativa y Recursos Humanos, por las que se dictan instrucciones para los procesos ordinarios de admisi\u00f3n para el curso escolar 2020\/2021, que contempla el calendario de la ADMISI\u00d3N DE EDUCACI\u00d3N SECUNDARIA OBLIGATORIA Y BACHILLERATO, hoy <strong>martes 16 de junio<\/strong> han sido publicados <strong>los listados con la baremaci\u00f3n provisional y los listados de admitidos provisionales de la ADMISI\u00d3N para el curso pr\u00f3ximo 20-21.<\/strong><\/p>\n<p style=\"text-align: justify;\">Para poder acceder a ellos, pueden hacerlo a trav\u00e9s de Internet, en la siguiente ruta:<\/p>\n<ol>\n<li style=\"text-align: justify;\">EDUCARM<\/li>\n<li style=\"text-align: justify;\">SOY PADRE\/MADRE<\/li>\n<li style=\"text-align: justify;\">ADMISI\u00d3N DE ALUMNOS<\/li>\n<\/ol>\n<p style=\"text-align: justify;\">Tambi\u00e9n pueden verse de manera presencial en los tablones de anuncios del centro<\/p>\n<p style=\"text-align: justify;\">Los plazos para posibles reclamaciones del baremo y adjudicaci\u00f3n provisional son del \u00a0<strong>de 16 de junio al 22 de junio.<\/strong><\/p>\n<p style=\"text-align: justify;\">Los listados de admitidos definitivos se publican <strong>el 10 de julio<\/strong>. EL plazo para matricular es <strong>de 10 de julio al 15 de julio.<\/strong><\/p>\n","protected":false},"excerpt":{"rendered":"<p>Siguiendo el ANEXO III\u2013B de la Resoluci\u00f3n de 8 de mayo de 2020 de la Direcci\u00f3n General de Planificaci\u00f3n Educativa y Recursos Humanos, por las que se dictan instrucciones para los procesos ordinarios de admisi\u00f3n para el curso escolar 2020\/2021, que contempla el calendario de la ADMISI\u00d3N DE EDUCACI\u00d3N SECUNDARIA OBLIGATORIA Y BACHILLERATO, hoy martes [&hellip;]<\/p>\n","protected":false},"author":1,"featured_media":0,"comment_status":"closed","ping_status":"open","sticky":false,"template":"","format":"standard","meta":{"footnotes":""},"categories":[1],"tags":[],"class_list":["post-7563","post","type-post","status-publish","format-standard","hentry","category-sin-categoria"],"_links":{"self":[{"href":"https:\/\/www.benarabi.org\/index.php?rest_route=\/wp\/v2\/posts\/7563","targetHints":{"allow":["GET"]}}],"collection":[{"href":"https:\/\/www.benarabi.org\/index.php?rest_route=\/wp\/v2\/posts"}],"about":[{"href":"https:\/\/www.benarabi.org\/index.php?rest_route=\/wp\/v2\/types\/post"}],"author":[{"embeddable":true,"href":"https:\/\/www.benarabi.org\/index.php?rest_route=\/wp\/v2\/users\/1"}],"replies":[{"embeddable":true,"href":"https:\/\/www.benarabi.org\/index.php?rest_route=%2Fwp%2Fv2%2Fcomments&post=7563"}],"version-history":[{"count":3,"href":"https:\/\/www.benarabi.org\/index.php?rest_route=\/wp\/v2\/posts\/7563\/revisions"}],"predecessor-version":[{"id":7565,"href":"https:\/\/www.benarabi.org\/index.php?rest_route=\/wp\/v2\/posts\/7563\/revisions\/7565"}],"wp:attachment":[{"href":"https:\/\/www.benarabi.org\/index.php?rest_route=%2Fwp%2Fv2%2Fmedia&parent=7563"}],"wp:term":[{"taxonomy":"category","embeddable":true,"href":"https:\/\/www.benarabi.org\/index.php?rest_route=%2Fwp%2Fv2%2Fcategories&post=7563"},{"taxonomy":"post_tag","embeddable":true,"href":"https:\/\/www.benarabi.org\/index.php?rest_route=%2Fwp%2Fv2%2Ftags&post=7563"}],"curies":[{"name":"wp","href":"https:\/\/api.w.org\/{rel}","templated":true}]}}