{"id":7596,"date":"2020-06-22T19:04:49","date_gmt":"2020-06-22T17:04:49","guid":{"rendered":"http:\/\/www.benarabi.org\/?p=7596"},"modified":"2020-06-22T19:04:49","modified_gmt":"2020-06-22T17:04:49","slug":"ayudas-individualizadas-de-transporte-escolar-para-el-curso-19-20","status":"publish","type":"post","link":"https:\/\/www.benarabi.org\/?p=7596","title":{"rendered":"Ayudas individualizadas de transporte escolar para el curso 19-20"},"content":{"rendered":"<p style=\"text-align: justify;\"><a href=\"http:\/\/www.benarabi.org\/wp-content\/uploads\/2020\/06\/ayudas-individualizadas-de-transporte-escolar-para-el-curso-2017-2018-e1592845465566.jpg\"><img loading=\"lazy\" decoding=\"async\" class=\"alignleft size-full wp-image-7598\" src=\"http:\/\/www.benarabi.org\/wp-content\/uploads\/2020\/06\/ayudas-individualizadas-de-transporte-escolar-para-el-curso-2017-2018-e1592845465566.jpg\" alt=\"\" width=\"150\" height=\"148\" \/><\/a>Han sido convocadas ayudas individualizadas de transporte escolar para alumno escolarizado en ense\u00f1anza obligatoria (ESO) en centros de titularidad p\u00fablica de la Regi\u00f3n de Murcia.<\/p>\n<p style=\"text-align: justify;\">Podr\u00e1n solicitarlas aquellos alumnos, que \u00a0por diversas circunstancias no pueden hacer uso de las rutas de transporte escolar contratadas por la Administraci\u00f3n educativa, y cuyos domicilios distan m\u00e1s\u00a0de\u00a03 km del centro escolar,\u00a0por lo que se considera procedente concederle ayudas para los gastos que le supone desplazarse por sus propios medios al centro escolar.<\/p>\n<p style=\"text-align: justify;\"><strong>El plazo de presentaci\u00f3n de solicitudes es del 17 de junio al 7 de julio de 2020. <\/strong><\/p>\n<p style=\"text-align: justify;\">Se puede presentar de manera telem\u00e1tica con certificado digital o clave PIN. En el caso de que se quiera presentar de manera presencial, debe pedir cita previa llamando al tel\u00e9fono del instituto (968 31 31 30)<\/p>\n<p style=\"text-align: justify;\">Si quieres ver el extracto de la convocatoria, <a href=\"http:\/\/www.benarabi.org\/wp-content\/uploads\/2020\/06\/Extracto-y-Orden-convocatoria-BORM-16-06-20.pdf\">pincha aqu\u00ed<\/a>.<\/p>\n","protected":false},"excerpt":{"rendered":"<p>Han sido convocadas ayudas individualizadas de transporte escolar para alumno escolarizado en ense\u00f1anza obligatoria (ESO) en centros de titularidad p\u00fablica de la Regi\u00f3n de Murcia. Podr\u00e1n solicitarlas aquellos alumnos, que \u00a0por diversas circunstancias no pueden hacer uso de las rutas de transporte escolar contratadas por la Administraci\u00f3n educativa, y cuyos domicilios distan m\u00e1s\u00a0de\u00a03 km del [&hellip;]<\/p>\n","protected":false},"author":1,"featured_media":0,"comment_status":"closed","ping_status":"open","sticky":false,"template":"","format":"standard","meta":{"footnotes":""},"categories":[1],"tags":[],"class_list":["post-7596","post","type-post","status-publish","format-standard","hentry","category-sin-categoria"],"_links":{"self":[{"href":"https:\/\/www.benarabi.org\/index.php?rest_route=\/wp\/v2\/posts\/7596","targetHints":{"allow":["GET"]}}],"collection":[{"href":"https:\/\/www.benarabi.org\/index.php?rest_route=\/wp\/v2\/posts"}],"about":[{"href":"https:\/\/www.benarabi.org\/index.php?rest_route=\/wp\/v2\/types\/post"}],"author":[{"embeddable":true,"href":"https:\/\/www.benarabi.org\/index.php?rest_route=\/wp\/v2\/users\/1"}],"replies":[{"embeddable":true,"href":"https:\/\/www.benarabi.org\/index.php?rest_route=%2Fwp%2Fv2%2Fcomments&post=7596"}],"version-history":[{"count":2,"href":"https:\/\/www.benarabi.org\/index.php?rest_route=\/wp\/v2\/posts\/7596\/revisions"}],"predecessor-version":[{"id":7600,"href":"https:\/\/www.benarabi.org\/index.php?rest_route=\/wp\/v2\/posts\/7596\/revisions\/7600"}],"wp:attachment":[{"href":"https:\/\/www.benarabi.org\/index.php?rest_route=%2Fwp%2Fv2%2Fmedia&parent=7596"}],"wp:term":[{"taxonomy":"category","embeddable":true,"href":"https:\/\/www.benarabi.org\/index.php?rest_route=%2Fwp%2Fv2%2Fcategories&post=7596"},{"taxonomy":"post_tag","embeddable":true,"href":"https:\/\/www.benarabi.org\/index.php?rest_route=%2Fwp%2Fv2%2Ftags&post=7596"}],"curies":[{"name":"wp","href":"https:\/\/api.w.org\/{rel}","templated":true}]}}