{"id":7632,"date":"2020-07-02T17:57:08","date_gmt":"2020-07-02T15:57:08","guid":{"rendered":"http:\/\/www.benarabi.org\/?p=7632"},"modified":"2020-07-02T17:57:54","modified_gmt":"2020-07-02T15:57:54","slug":"examenes-de-septiembre-y-plan-de-recuperacion-de-verano-2020","status":"publish","type":"post","link":"https:\/\/www.benarabi.org\/?p=7632","title":{"rendered":"Ex\u00e1menes de septiembre y Plan de recuperaci\u00f3n de verano 2020"},"content":{"rendered":"<p style=\"text-align: justify;\"><a href=\"http:\/\/www.benarabi.org\/wp-content\/uploads\/2020\/07\/Septiembre_examenes-e1593705376538.jpg\"><img loading=\"lazy\" decoding=\"async\" class=\"alignleft size-full wp-image-7633\" src=\"http:\/\/www.benarabi.org\/wp-content\/uploads\/2020\/07\/Septiembre_examenes-e1593705376538.jpg\" alt=\"\" width=\"150\" height=\"115\" \/><\/a>Durante los <strong>d\u00edas 1 y 2 de septiembre<\/strong>, se llevar\u00e1n a cabo las pruebas extraordinarias para aquellos alumnos con asignaturas suspensas.<\/p>\n<p style=\"text-align: justify;\">Todo el alumnado tiene disponible, en aula XXI, el <strong><u>Plan de recuperaci\u00f3n de verano<\/u><\/strong>, \u00a0que incluye las indicaciones espec\u00edficas y concretas de c\u00f3mo preparar los ex\u00e1menes de septiembre de cada una de las asignaturas.<\/p>\n<p style=\"text-align: justify;\">Si quieres ver el <strong>calendario detallado de ex\u00e1menes de septiembre<\/strong>, <a href=\"http:\/\/www.benarabi.org\/wp-content\/uploads\/2020\/07\/CALENDARIO-SEPTIEMBRE-2020.pdf\">pincha aqu\u00ed<\/a>.<\/p>\n<p style=\"text-align: justify;\">(Este calendario podr\u00e1 sufrir alguna variaci\u00f3n dependiendo de la situaci\u00f3n sanitaria en la que nos encontremos y en cualquier caso, se avisar\u00e1 con antelaci\u00f3n).<\/p>\n","protected":false},"excerpt":{"rendered":"<p>Durante los d\u00edas 1 y 2 de septiembre, se llevar\u00e1n a cabo las pruebas extraordinarias para aquellos alumnos con asignaturas suspensas. Todo el alumnado tiene disponible, en aula XXI, el Plan de recuperaci\u00f3n de verano, \u00a0que incluye las indicaciones espec\u00edficas y concretas de c\u00f3mo preparar los ex\u00e1menes de septiembre de cada una de las asignaturas. [&hellip;]<\/p>\n","protected":false},"author":1,"featured_media":0,"comment_status":"closed","ping_status":"open","sticky":false,"template":"","format":"standard","meta":{"footnotes":""},"categories":[1],"tags":[],"class_list":["post-7632","post","type-post","status-publish","format-standard","hentry","category-sin-categoria"],"_links":{"self":[{"href":"https:\/\/www.benarabi.org\/index.php?rest_route=\/wp\/v2\/posts\/7632","targetHints":{"allow":["GET"]}}],"collection":[{"href":"https:\/\/www.benarabi.org\/index.php?rest_route=\/wp\/v2\/posts"}],"about":[{"href":"https:\/\/www.benarabi.org\/index.php?rest_route=\/wp\/v2\/types\/post"}],"author":[{"embeddable":true,"href":"https:\/\/www.benarabi.org\/index.php?rest_route=\/wp\/v2\/users\/1"}],"replies":[{"embeddable":true,"href":"https:\/\/www.benarabi.org\/index.php?rest_route=%2Fwp%2Fv2%2Fcomments&post=7632"}],"version-history":[{"count":2,"href":"https:\/\/www.benarabi.org\/index.php?rest_route=\/wp\/v2\/posts\/7632\/revisions"}],"predecessor-version":[{"id":7635,"href":"https:\/\/www.benarabi.org\/index.php?rest_route=\/wp\/v2\/posts\/7632\/revisions\/7635"}],"wp:attachment":[{"href":"https:\/\/www.benarabi.org\/index.php?rest_route=%2Fwp%2Fv2%2Fmedia&parent=7632"}],"wp:term":[{"taxonomy":"category","embeddable":true,"href":"https:\/\/www.benarabi.org\/index.php?rest_route=%2Fwp%2Fv2%2Fcategories&post=7632"},{"taxonomy":"post_tag","embeddable":true,"href":"https:\/\/www.benarabi.org\/index.php?rest_route=%2Fwp%2Fv2%2Ftags&post=7632"}],"curies":[{"name":"wp","href":"https:\/\/api.w.org\/{rel}","templated":true}]}}