{"id":7678,"date":"2020-08-31T18:56:38","date_gmt":"2020-08-31T16:56:38","guid":{"rendered":"http:\/\/www.benarabi.org\/?p=7678"},"modified":"2020-08-31T20:07:39","modified_gmt":"2020-08-31T18:07:39","slug":"examenes-de-septiembre-2020-normas-de-seguridad-e-higiene-para-su-correcta-realizacion","status":"publish","type":"post","link":"https:\/\/www.benarabi.org\/?p=7678","title":{"rendered":"Ex\u00e1menes de septiembre 2020: Normas de seguridad e higiene para su correcta realizaci\u00f3n."},"content":{"rendered":"<p style=\"text-align: justify;\"><img loading=\"lazy\" decoding=\"async\" class=\"size-full alignleft\" src=\"http:\/\/www.benarabi.org\/wp-content\/uploads\/2020\/07\/Septiembre_examenes-e1593705376538.jpg\" width=\"150\" height=\"115\" \/>Estimados alumnos y familias:<\/p>\n<p style=\"text-align: justify;\">En primer lugar, deseamos que hayan tenido unas buenas vacaciones de verano y todos dispongan de un buen estado de salud.<\/p>\n<p style=\"text-align: justify;\">A partir de ma\u00f1ana martes 1 de septiembre, se restablece la apertura en los centros educativos.<\/p>\n<p style=\"text-align: justify;\">Siguiendo las instrucciones, recibidas hoy lunes 31 de agosto, de la <em>Orden conjunta de las Consejer\u00edas de Salud y de Educaci\u00f3n y Cultura, por la que se adoptan medidas adicionales para el curso 2020-21 en los centros educativos de ense\u00f1anzas no universitarias, con el fin de hacer frente a la evoluci\u00f3n de la epidemia de COVID-19 en la Regi\u00f3n de Murcia<\/em>, puesto que no ha habido ning\u00fan cambio a lo establecido anteriormente, <strong>les informamos de que los ex\u00e1menes<\/strong> <strong>extraordinarios de septiembre se mantienen presenciales en los d\u00edas y horas que se establecieron en el mes de junio.<\/strong><\/p>\n<p style=\"text-align: justify;\"><strong>Las aulas establecidas para cada examen son las propias de cada DEPARTAMENTO, que se ir\u00e1n ocupando estableciendo la distancia de seguridad entre los alumnos.<\/strong><\/p>\n<p style=\"text-align: justify;\"><strong>\u00a0<\/strong>Si quieres recordar el <strong>calendario de ex\u00e1menes,<\/strong> <a href=\"http:\/\/www.benarabi.org\/wp-content\/uploads\/2020\/08\/CALENDARIO-SEPTIEMBRE-2020.pdf\">pincha aqu\u00ed<\/a>.<\/p>\n<p style=\"text-align: justify;\"><strong>\u00a0<\/strong><\/p>\n<p style=\"text-align: justify;\"><u>MUY IMPORTANTE, LEER antes de acudir al centro<\/u><\/p>\n<p style=\"text-align: justify;\">Para poder garantizar las medidas de higiene y seguridad, los alumnos que deban asistir a la realizaci\u00f3n de las pruebas, deber\u00e1n cumplir las siguientes indicaciones obligatorias:<\/p>\n<ol style=\"text-align: justify;\">\n<li>Si presentas s\u00edntomas compatibles con COVID-19 (fiebre, tos, sensaci\u00f3n de falta de aire, disminuci\u00f3n del olfato y del gusto, escalofr\u00edos, dolor de garganta, dolor de cabeza, debilidad general, dolores musculares, diarrea o v\u00f3mitos) no debes acudir al centro y tienes que contactar con el tel\u00e9fono de tu centro de Atenci\u00f3n Primaria o Al tel\u00e9fono 900121212 y seguir sus instrucciones.<\/li>\n<li>Tampoco puedes acudir al centro si te encuentras en periodo de cuarentena domiciliaria por haber tenido contacto con alguna persona con s\u00edntomas o diagnosticado de COVID-19.<\/li>\n<li>No debes acudir al centro educativo hasta que finalice el periodo de aislamiento.<\/li>\n<li>Si has estado en contacto estrecho (familiares, convivientes y personas que hayan tenido contacto con el caso, desde 48 horas antes del inicio de s\u00edntomas, a una distancia menor de 2 metros, durante un tiempo de al menos 15 minutos) o has compartido espacio sin guardar la distancia interpersonal durante m\u00e1s de 15 minutos con una persona afectada por el COVID-19, tampoco debes acudir al centro educativo, incluso en ausencia de s\u00edntomas, por un espacio de al menos 14 d\u00edas. Durante ese periodo tus profesionales sanitarios de referencia de Atenci\u00f3n Primaria realizar\u00e1n el seguimiento por si aparecen s\u00edntomas de la enfermedad.<\/li>\n<li>Si utilizas el transporte p\u00fablico para acudir al centro educativo, evita las aglomeraciones, utiliza mascarilla y mant\u00e9n en todo momento la distancia interpersonal de seguridad.<\/li>\n<li>Los alumnos deben traer y llevar mascarilla durante todo el tiempo. Es necesario traer una mascarilla de repuesto para casos de deterioro o rotura.<\/li>\n<li>Los alumnos deben traer su propio gel hidroalcoh\u00f3lico y pa\u00f1uelos de papel para secado de manos.<\/li>\n<li>Cada alumno debe preparar con antelaci\u00f3n el material necesario para la realizaci\u00f3n de las pruebas, ya que no se permitir\u00e1 prestar ni compartir con otros compa\u00f1eros.<\/li>\n<li>El alumno debe ser puntual y acudir a la hora establecida del examen.<\/li>\n<li>Tr\u00e1ete tu propia bebida puesto que las fuentes de agua potable y la cantina estar\u00e1n cerradas.<\/li>\n<li>Al finalizar el examen, debes dejar tu mesa y tu silla despejadas, para facilitar su limpieza. A continuaci\u00f3n, deber\u00e1s abandonar el centro.<\/li>\n<li>Evitaremos las aglomeraciones. No estar\u00e1 permitido permanecer en los pasillos ni zonas comunes. Deber\u00e1 seguir los flujos de circulaci\u00f3n que se les indique en cada momento, colaborando y posibilitando el trabajo del PAS. (Conserjes, limpiadores, oficina secretar\u00eda,..)<\/li>\n<li>El alumnado debe mantener en todo momento la distancia de seguridad de 1,5 m. Se evitar\u00e1 el contacto innecesario con los alumnos (abrazos, besos u otras demostraciones de afecto f\u00edsico).<\/li>\n<\/ol>\n<p style=\"text-align: justify;\">Si quieres ver el documento informativo con recomendaciones b\u00e1sicas para la vuelta a las aulas, <a href=\"http:\/\/www.benarabi.org\/wp-content\/uploads\/2020\/08\/PROGRAMA-DE-EDUCACI\u00d3N-PARA-LA-SALUD-RECOMENDACIONES-PARA-LA-VUELTA-A-LAS-AULAS.pdf\">pincha aqu\u00ed<\/a>.<\/p>\n<p style=\"text-align: justify;\">Cualquier duda al respecto, pueden hacerlo a trav\u00e9s del correo del centro indicando en el ASUNTO: EX\u00c1MENES SEPTIEMBRE 2020 COVID 19<\/p>\n<p style=\"text-align: justify;\">Muchas gracias por su colaboraci\u00f3n<\/p>\n<p style=\"text-align: justify;\">El Equipo COVID 19<\/p>\n","protected":false},"excerpt":{"rendered":"<p>Estimados alumnos y familias: En primer lugar, deseamos que hayan tenido unas buenas vacaciones de verano y todos dispongan de un buen estado de salud. A partir de ma\u00f1ana martes 1 de septiembre, se restablece la apertura en los centros educativos. Siguiendo las instrucciones, recibidas hoy lunes 31 de agosto, de la Orden conjunta de [&hellip;]<\/p>\n","protected":false},"author":1,"featured_media":0,"comment_status":"closed","ping_status":"open","sticky":false,"template":"","format":"standard","meta":{"footnotes":""},"categories":[1],"tags":[],"class_list":["post-7678","post","type-post","status-publish","format-standard","hentry","category-sin-categoria"],"_links":{"self":[{"href":"https:\/\/www.benarabi.org\/index.php?rest_route=\/wp\/v2\/posts\/7678","targetHints":{"allow":["GET"]}}],"collection":[{"href":"https:\/\/www.benarabi.org\/index.php?rest_route=\/wp\/v2\/posts"}],"about":[{"href":"https:\/\/www.benarabi.org\/index.php?rest_route=\/wp\/v2\/types\/post"}],"author":[{"embeddable":true,"href":"https:\/\/www.benarabi.org\/index.php?rest_route=\/wp\/v2\/users\/1"}],"replies":[{"embeddable":true,"href":"https:\/\/www.benarabi.org\/index.php?rest_route=%2Fwp%2Fv2%2Fcomments&post=7678"}],"version-history":[{"count":4,"href":"https:\/\/www.benarabi.org\/index.php?rest_route=\/wp\/v2\/posts\/7678\/revisions"}],"predecessor-version":[{"id":7684,"href":"https:\/\/www.benarabi.org\/index.php?rest_route=\/wp\/v2\/posts\/7678\/revisions\/7684"}],"wp:attachment":[{"href":"https:\/\/www.benarabi.org\/index.php?rest_route=%2Fwp%2Fv2%2Fmedia&parent=7678"}],"wp:term":[{"taxonomy":"category","embeddable":true,"href":"https:\/\/www.benarabi.org\/index.php?rest_route=%2Fwp%2Fv2%2Fcategories&post=7678"},{"taxonomy":"post_tag","embeddable":true,"href":"https:\/\/www.benarabi.org\/index.php?rest_route=%2Fwp%2Fv2%2Ftags&post=7678"}],"curies":[{"name":"wp","href":"https:\/\/api.w.org\/{rel}","templated":true}]}}