{"id":7689,"date":"2020-09-04T09:36:22","date_gmt":"2020-09-04T07:36:22","guid":{"rendered":"http:\/\/www.benarabi.org\/?p=7689"},"modified":"2020-09-12T20:31:05","modified_gmt":"2020-09-12T18:31:05","slug":"inicio-de-curso","status":"publish","type":"post","link":"https:\/\/www.benarabi.org\/?p=7689","title":{"rendered":"Inicio de curso"},"content":{"rendered":"<p style=\"text-align: justify;\"><img loading=\"lazy\" decoding=\"async\" class=\"alignleft\" src=\"http:\/\/www.benarabi.org\/wp-content\/uploads\/2016\/09\/regreso-a-clases16-17-3-1.jpg\" alt=\"\" width=\"169\" height=\"106\" \/>Estimados alumnos y familias:<\/p>\n<p style=\"text-align: justify;\">Siguiendo instrucciones de inicio de curso establecidas en la <a href=\"https:\/\/www.carm.es\/web\/Blob?ARCHIVO=Modificacio%C2%BFn%20Resolucio%C2%BFn%20instrucciones%20inicio%20de%20curso%20Educacion%20Secundaria%20Obligatoria%20y%20Bachillerato.pdf&amp;TABLA=ARCHIVOS&amp;CAMPOCLAVE=IDARCHIVO&amp;VALORCLAVE=165435&amp;CAMPOIMAGEN=ARCHIVO&amp;IDTIPO=60&amp;RASTRO=c1655$m64251\"><em>Resoluci\u00f3n de 1 de septiembre de 2020, de las Direcciones Generales de Innovaci\u00f3n Educativa y Atenci\u00f3n a la Diversidad, Direcci\u00f3n General de Evaluaci\u00f3n Educativa y Formaci\u00f3n Profesional, Direcci\u00f3n General de Planificaci\u00f3n Educativa y Recursos Humanos y Direcci\u00f3n General de Centros Educativos e Infraestructuras de la Consejer\u00eda de Educaci\u00f3n y Cultura, por la que modifican y adaptan las Instrucciones de comienzo del curso 2020-2021, para los centros docentes que imparten Educaci\u00f3n Secundaria Obligatoria y Bachillerato dictadas por Resoluci\u00f3n de 22 de julio de 2020<\/em><\/a>, les informamos que:<\/p>\n<ol>\n<li style=\"text-align: justify;\">El inicio del per\u00edodo lectivo ser\u00e1 el martes 15 de septiembre.<\/li>\n<li style=\"text-align: justify;\">Se ha establecido un per\u00edodo de adaptaci\u00f3n excepcional de acogida del alumnado al centro. El alumnado se incorporar\u00e1 de forma progresiva, seg\u00fan el siguiente calendario:<\/li>\n<\/ol>\n<p style=\"padding-left: 40px; text-align: justify;\"><span style=\"text-decoration: underline;\">Martes 15 de septiembre<\/span><\/p>\n<ul>\n<li style=\"list-style-type: none;\">\n<ul>\n<li>1ER D\u00cdA DEL PERIODO ADAPTACI\u00d3N 1\u00ba ESO- 2\u00ba ESO (Primera mitad de los grupos).<\/li>\n<li>3\u00ba ESO &#8211; 4\u00ba\u00a0 ESO &#8211; BACHILLERATO (Acogida primera mitad de los grupos)..<\/li>\n<li>3\u00ba ESO &#8211; 4\u00ba\u00a0 ESO &#8211; BACHILLERATO (Acogida segunda mitad grupos)<\/li>\n<\/ul>\n<\/li>\n<\/ul>\n<p style=\"padding-left: 40px; text-align: justify;\"><span style=\"text-decoration: underline;\">Mi\u00e9rcoles 16 de septiembre<\/span><\/p>\n<ul>\n<li style=\"list-style-type: none;\">\n<ul>\n<li>2\u00ba D\u00cdA DEL PERIODO ADAPTACI\u00d3N 1\u00ba ESO- 2\u00ba ESO( Segunda mitad de los grupos).<\/li>\n<li>COMIENZO ACTIVIDAD LECTIVA SEMIPRESENCIAL\u00a0 3\u00ba ESO &#8211; 4\u00ba\u00a0 ESO \u2013 BACHILLERATO (Siguiendo los turnos de asistencia establecidos, facilitados por los tutores en el per\u00edodo de adaptaci\u00f3n).<\/li>\n<\/ul>\n<\/li>\n<\/ul>\n<p style=\"padding-left: 40px; text-align: justify;\"><span style=\"text-decoration: underline;\">Jueves 17 de septiembre<\/span><\/p>\n<ul>\n<li style=\"list-style-type: none;\">\n<ul>\n<li>3ER D\u00cdA DEL PERIODO ADAPTACI\u00d3N 1\u00ba ESO- 2\u00ba ESO (Primera mitad de los grupos).<\/li>\n<\/ul>\n<\/li>\n<\/ul>\n<p style=\"padding-left: 40px; text-align: justify;\"><span style=\"text-decoration: underline;\">Viernes 18 de septiembre<\/span><\/p>\n<ul>\n<li style=\"list-style-type: none;\">\n<ul>\n<li>4\u00ba D\u00cdA DEL PERIODO ADAPTACI\u00d3N 1\u00ba ESO- 2\u00ba ESO (Segunda mitad de los grupos).<\/li>\n<\/ul>\n<\/li>\n<\/ul>\n<p style=\"padding-left: 40px; text-align: justify;\"><span style=\"text-decoration: underline;\">Lunes 21 de septiembre<\/span><\/p>\n<ul>\n<li style=\"list-style-type: none;\">\n<ul>\n<li style=\"text-align: justify;\">COMIENZO ACTIVIDAD LECTIVA SEMIPRESENCIAL 1\u00ba Y 2\u00ba ESO.<\/li>\n<li style=\"text-align: justify;\">(Siguiendo los turnos de asistencia establecidos, facilitados por los tutores en el per\u00edodo de adaptaci\u00f3n).<\/li>\n<\/ul>\n<\/li>\n<\/ul>\n<ol start=\"3\">\n<li style=\"text-align: justify;\">Las listas de los grupos se publicar\u00e1n <u>el lunes 14 de septiembre,<\/u> en telegram y correo electr\u00f3nico. Adem\u00e1s se acompa\u00f1ar\u00e1n de un <u>calendario desglosado<\/u> con los alumnos que deben asistir cada d\u00eda durante el per\u00edodo de adaptaci\u00f3n\/acogida.<\/li>\n<li style=\"text-align: justify;\">Durante el per\u00edodo de adaptaci\u00f3n\/ acogida, el tutor de cada grupo les indicar\u00e1 a los alumnos el subgrupo de semipresencialidad al que pertenecen y que determinar\u00e1 los d\u00edas de asistencia durante el resto del curso.<\/li>\n<li style=\"text-align: justify;\">El primer d\u00eda de asistencia los alumnos deben traer su bol\u00edgrafo y papel. Adem\u00e1s, los alumnos de 1\u00ba ESO deben traer la agenda del centro, que ya compraron. Los alumnos de 2\u00ba y 3\u00ba ESO deben traer 3 euros para abonar la agenda personalizada del centro (de uso obligatorio), que les entregar\u00e1 su tutor.<\/li>\n<li style=\"text-align: justify;\">En los pr\u00f3ximos d\u00edas, se publicar\u00e1, en la p\u00e1gina web, el Plan de Contingencia frente a la COVID 19, as\u00ed como las instrucciones para alumnos y familias.<\/li>\n<\/ol>\n<p style=\"text-align: justify;\">El Equipo Directivo<\/p>\n","protected":false},"excerpt":{"rendered":"<p>Estimados alumnos y familias: Siguiendo instrucciones de inicio de curso establecidas en la Resoluci\u00f3n de 1 de septiembre de 2020, de las Direcciones Generales de Innovaci\u00f3n Educativa y Atenci\u00f3n a la Diversidad, Direcci\u00f3n General de Evaluaci\u00f3n Educativa y Formaci\u00f3n Profesional, Direcci\u00f3n General de Planificaci\u00f3n Educativa y Recursos Humanos y Direcci\u00f3n General de Centros Educativos e [&hellip;]<\/p>\n","protected":false},"author":1,"featured_media":0,"comment_status":"closed","ping_status":"open","sticky":false,"template":"","format":"standard","meta":{"footnotes":""},"categories":[1],"tags":[],"class_list":["post-7689","post","type-post","status-publish","format-standard","hentry","category-sin-categoria"],"_links":{"self":[{"href":"https:\/\/www.benarabi.org\/index.php?rest_route=\/wp\/v2\/posts\/7689","targetHints":{"allow":["GET"]}}],"collection":[{"href":"https:\/\/www.benarabi.org\/index.php?rest_route=\/wp\/v2\/posts"}],"about":[{"href":"https:\/\/www.benarabi.org\/index.php?rest_route=\/wp\/v2\/types\/post"}],"author":[{"embeddable":true,"href":"https:\/\/www.benarabi.org\/index.php?rest_route=\/wp\/v2\/users\/1"}],"replies":[{"embeddable":true,"href":"https:\/\/www.benarabi.org\/index.php?rest_route=%2Fwp%2Fv2%2Fcomments&post=7689"}],"version-history":[{"count":6,"href":"https:\/\/www.benarabi.org\/index.php?rest_route=\/wp\/v2\/posts\/7689\/revisions"}],"predecessor-version":[{"id":7708,"href":"https:\/\/www.benarabi.org\/index.php?rest_route=\/wp\/v2\/posts\/7689\/revisions\/7708"}],"wp:attachment":[{"href":"https:\/\/www.benarabi.org\/index.php?rest_route=%2Fwp%2Fv2%2Fmedia&parent=7689"}],"wp:term":[{"taxonomy":"category","embeddable":true,"href":"https:\/\/www.benarabi.org\/index.php?rest_route=%2Fwp%2Fv2%2Fcategories&post=7689"},{"taxonomy":"post_tag","embeddable":true,"href":"https:\/\/www.benarabi.org\/index.php?rest_route=%2Fwp%2Fv2%2Ftags&post=7689"}],"curies":[{"name":"wp","href":"https:\/\/api.w.org\/{rel}","templated":true}]}}