{"id":7696,"date":"2020-09-12T19:25:26","date_gmt":"2020-09-12T17:25:26","guid":{"rendered":"http:\/\/www.benarabi.org\/?p=7696"},"modified":"2020-09-12T19:40:40","modified_gmt":"2020-09-12T17:40:40","slug":"bienvenidos-al-curso-escolar-20-21","status":"publish","type":"post","link":"https:\/\/www.benarabi.org\/?p=7696","title":{"rendered":"\u00a1\u00a1Bienvenidos al\u00a0 Curso Escolar 20-21!!"},"content":{"rendered":"<p style=\"text-align: justify;\"><img loading=\"lazy\" decoding=\"async\" class=\"alignleft wp-image-7705 size-full\" src=\"http:\/\/www.benarabi.org\/wp-content\/uploads\/2020\/09\/vuelta-a-clases-e1599932266135.jpg\" alt=\"\" width=\"150\" height=\"113\" \/>El Equipo Directivo del IES. Ben Arabi quiere darles la bienvenida a este nuevo Curso Escolar.<\/p>\n<p style=\"text-align: justify;\">El pr\u00f3ximo<strong> martes 15 de septiembre<\/strong> comienza la actividad lectiva en nuestro instituto. La <strong>vuelta a las aulas<\/strong> tiene este a\u00f1o un significado especial ya que recuperamos la educaci\u00f3n presencial en el centro, fundamental para el desarrollo intelectual y social de los alumnos.<\/p>\n<p style=\"text-align: justify;\">Desde el comienzo de la pandemia, el Centro estuvo trabajando d\u00eda a d\u00eda para poder garantizar el <strong>derecho a la educaci\u00f3n<\/strong> de nuestro alumnado con los mayores niveles de calidad y equidad. Una vez reanudada la actividad educativa, debemos garantizar adem\u00e1s el <strong>derecho a la salud<\/strong> de toda nuestra Comunidad Educativa, conforme a las recomendaciones de las autoridades sanitarias. Es por ello que el equipo directivo velar\u00e1 por que las actividades programadas y el desarrollo de las tareas se realicen en el contexto higi\u00e9nico sanitario adecuado.<\/p>\n<p style=\"text-align: justify;\">El <strong>IES Ben Arabi<\/strong> ha definido un <strong>Plan de Contingencia frente a la COVID 19<\/strong> orientado a la prevenci\u00f3n y mitigaci\u00f3n de los riesgos asociados a la propagaci\u00f3n del virus SARS-CoV-2, con el objetivo prioritario de asegurar un ambiente adecuado para\u00a0 todos los miembros de nuestra Comunidad Educativa que permita continuar con la actividad lectiva ya sea tanto presencial como no presencial.<\/p>\n<p style=\"text-align: justify;\">Este documento incluye recomendaciones y directrices en relaci\u00f3n a las medidas de prevenci\u00f3n e higiene frente a la Covid-19 para las actividades e instalaciones de nuestro instituto, las cuales podr\u00e1n ser actualizadas cuando los cambios de la situaci\u00f3n epidemiol\u00f3gica as\u00ed lo requiera.<\/p>\n<p style=\"text-align: justify;\">Es de suma importancia que <strong>antes de acudir al centro <\/strong>y con la intenci\u00f3n de poder garantizar un entorno escolar saludable y seguro, conozcan las medidas de prevenci\u00f3n, higiene y promoci\u00f3n de la salud frente a la Covid 19.<\/p>\n<ul style=\"text-align: justify;\">\n<li>Si quieres conocer el <strong>Plan de Contingencia frente a la Covid 19<\/strong>, <a href=\"http:\/\/www.benarabi.org\/wp-content\/uploads\/2020\/09\/Plan-de-Contigingencia-BenArabi.pdf\">pincha aqu\u00ed<\/a>.<\/li>\n<li>Si quieres conocer las <strong>instrucciones para alumnos<\/strong> (Anexo I), <a href=\"http:\/\/www.benarabi.org\/wp-content\/uploads\/2020\/09\/ANEXO-1-INSTRUCCIONES-PARA-ALUMNOS.pdf\">pincha aqu\u00ed.<\/a><\/li>\n<li>Si quieres conocer las <strong>instrucciones para padres <\/strong>(Anexo II), <a href=\"http:\/\/www.benarabi.org\/wp-content\/uploads\/2020\/09\/ANEXO-2-INSTRUCCIONES-PARA-PADRES-MADRES-O-TUTORES.pdf\">pincha aqu\u00ed.<\/a>.<\/li>\n<li>Si quieres ver <strong>d\u00edptico resumen<\/strong> de las medidas vuelta a las aulas, <a href=\"http:\/\/www.benarabi.org\/wp-content\/uploads\/2020\/09\/Folleto-Medidas-Vuelta-al-Cole.pdf\">pincha aqu\u00ed<\/a>.<\/li>\n<\/ul>\n<p style=\"text-align: justify;\">Para aclarar todas sus dudas, el Equipo Directivo ha organizado el <strong>lunes 14 de septiembre<\/strong> las siguientes charlas informativas telem\u00e1ticas.<\/p>\n<ul style=\"text-align: justify;\">\n<li><strong>1\u00ba ESO &#8211; HORA: 17:30 h &#8211; Enlace MEET: <a href=\"https:\/\/meet.google.com\/zot-jbbp-jfz\" target=\"_blank\" rel=\"noopener noreferrer\">https:\/\/meet.google.com\/zot-jbbp-jfz<\/a><\/strong><\/li>\n<li><strong>2\u00baESO &#8211; HORA: 19:00 h &#8211; Enlace MEET: <a href=\"https:\/\/meet.google.com\/qoh-xfvr-cbg\" target=\"_blank\" rel=\"noopener noreferrer\">https:\/\/meet.google.com\/qoh-xfvr-cbg<\/a><\/strong><\/li>\n<\/ul>\n<p style=\"text-align: justify;\"><strong>Necesitamos la colaboraci\u00f3n de todos. <\/strong><\/p>\n<p style=\"text-align: justify;\"><strong>\u00a1\u00a1 En este centro, nos protegemos contra el virus!!!<\/strong><\/p>\n<p style=\"text-align: justify;\">\n","protected":false},"excerpt":{"rendered":"<p>El Equipo Directivo del IES. Ben Arabi quiere darles la bienvenida a este nuevo Curso Escolar. El pr\u00f3ximo martes 15 de septiembre comienza la actividad lectiva en nuestro instituto. La vuelta a las aulas tiene este a\u00f1o un significado especial ya que recuperamos la educaci\u00f3n presencial en el centro, fundamental para el desarrollo intelectual y [&hellip;]<\/p>\n","protected":false},"author":1,"featured_media":0,"comment_status":"closed","ping_status":"open","sticky":false,"template":"","format":"standard","meta":{"footnotes":""},"categories":[1],"tags":[],"class_list":["post-7696","post","type-post","status-publish","format-standard","hentry","category-sin-categoria"],"_links":{"self":[{"href":"https:\/\/www.benarabi.org\/index.php?rest_route=\/wp\/v2\/posts\/7696","targetHints":{"allow":["GET"]}}],"collection":[{"href":"https:\/\/www.benarabi.org\/index.php?rest_route=\/wp\/v2\/posts"}],"about":[{"href":"https:\/\/www.benarabi.org\/index.php?rest_route=\/wp\/v2\/types\/post"}],"author":[{"embeddable":true,"href":"https:\/\/www.benarabi.org\/index.php?rest_route=\/wp\/v2\/users\/1"}],"replies":[{"embeddable":true,"href":"https:\/\/www.benarabi.org\/index.php?rest_route=%2Fwp%2Fv2%2Fcomments&post=7696"}],"version-history":[{"count":5,"href":"https:\/\/www.benarabi.org\/index.php?rest_route=\/wp\/v2\/posts\/7696\/revisions"}],"predecessor-version":[{"id":7706,"href":"https:\/\/www.benarabi.org\/index.php?rest_route=\/wp\/v2\/posts\/7696\/revisions\/7706"}],"wp:attachment":[{"href":"https:\/\/www.benarabi.org\/index.php?rest_route=%2Fwp%2Fv2%2Fmedia&parent=7696"}],"wp:term":[{"taxonomy":"category","embeddable":true,"href":"https:\/\/www.benarabi.org\/index.php?rest_route=%2Fwp%2Fv2%2Fcategories&post=7696"},{"taxonomy":"post_tag","embeddable":true,"href":"https:\/\/www.benarabi.org\/index.php?rest_route=%2Fwp%2Fv2%2Ftags&post=7696"}],"curies":[{"name":"wp","href":"https:\/\/api.w.org\/{rel}","templated":true}]}}