{"id":7710,"date":"2020-09-13T13:10:34","date_gmt":"2020-09-13T11:10:34","guid":{"rendered":"http:\/\/www.benarabi.org\/?p=7710"},"modified":"2020-09-13T13:10:34","modified_gmt":"2020-09-13T11:10:34","slug":"organizacion-inicio-de-curso-20-21","status":"publish","type":"post","link":"https:\/\/www.benarabi.org\/?p=7710","title":{"rendered":"Organizaci\u00f3n Inicio de Curso 20-21"},"content":{"rendered":"<p style=\"text-align: justify;\"><strong><img loading=\"lazy\" decoding=\"async\" class=\"alignleft size-full wp-image-7711\" src=\"http:\/\/www.benarabi.org\/wp-content\/uploads\/2020\/09\/15-de-septiembre_comienzo-clases-1-e1599995277682.jpg\" alt=\"\" width=\"150\" height=\"129\" \/><\/strong>Les informamos que el pr\u00f3ximo <strong>martes 15 de septiembre<\/strong> comienza la actividad lectiva en nuestro centro.<\/p>\n<p style=\"text-align: justify;\">El <strong>lunes 14 de septiembre<\/strong> se enviar\u00e1n a alumnos y padres los <strong>listados de alumnos<\/strong> (por medio de correo electr\u00f3nico), con el objeto de que puedan conocer el grupo asignado y el n\u00famero de lista. Conocido el n\u00famero de lista, deber\u00e1n comprobar los d\u00edas que deben acudir y en qu\u00e9 horario as\u00ed como el turno de semipresencialidad asignado. (<em>Los listados tambi\u00e9n se publicar\u00e1n en el tabl\u00f3n de anuncios del centro).<\/em><\/p>\n<p style=\"text-align: justify;\">Durante la primera semana, se ha establecido un periodo de adaptaci\u00f3n excepcional de acogida del alumnado.<\/p>\n<ul style=\"text-align: justify;\">\n<li>Para los alumnos de 1\u00ba ESO y 2\u00ba ESO, este periodo comprender\u00e1 los primeros 4 d\u00edas del curso. Al quinto d\u00eda, comenzar\u00e1n sus clases en horario normal, conforme a los turnos de semipresencialidad establecidos.<\/li>\n<li>Para los alumnos de 3\u00ba ESO, 4\u00ba ESO, 1\u00ba Bachillerato y 2\u00ba Bachillerato, se dedicar\u00e1 un d\u00eda a la presentaci\u00f3n\/acogida y al d\u00eda siguiente, comenzar\u00e1n sus clases en horario normal, conforme a los turnos de semipresencialidad establecidos.<\/li>\n<\/ul>\n<p style=\"text-align: justify;\">Para saber el <strong>calendario detallado por niveles y grupos<\/strong> as\u00ed como el <strong>turno de semipresencialidad <\/strong>que se ha asignado a cada alumno<strong>, <a href=\"http:\/\/www.benarabi.org\/wp-content\/uploads\/2020\/09\/2-Semipresencialidad-ESO-y-Bachillerato.pdf\">pincha aqu\u00ed<\/a>.<\/strong><\/p>\n","protected":false},"excerpt":{"rendered":"<p>Les informamos que el pr\u00f3ximo martes 15 de septiembre comienza la actividad lectiva en nuestro centro. El lunes 14 de septiembre se enviar\u00e1n a alumnos y padres los listados de alumnos (por medio de correo electr\u00f3nico), con el objeto de que puedan conocer el grupo asignado y el n\u00famero de lista. Conocido el n\u00famero de [&hellip;]<\/p>\n","protected":false},"author":1,"featured_media":0,"comment_status":"closed","ping_status":"open","sticky":false,"template":"","format":"standard","meta":{"footnotes":""},"categories":[1],"tags":[],"class_list":["post-7710","post","type-post","status-publish","format-standard","hentry","category-sin-categoria"],"_links":{"self":[{"href":"https:\/\/www.benarabi.org\/index.php?rest_route=\/wp\/v2\/posts\/7710","targetHints":{"allow":["GET"]}}],"collection":[{"href":"https:\/\/www.benarabi.org\/index.php?rest_route=\/wp\/v2\/posts"}],"about":[{"href":"https:\/\/www.benarabi.org\/index.php?rest_route=\/wp\/v2\/types\/post"}],"author":[{"embeddable":true,"href":"https:\/\/www.benarabi.org\/index.php?rest_route=\/wp\/v2\/users\/1"}],"replies":[{"embeddable":true,"href":"https:\/\/www.benarabi.org\/index.php?rest_route=%2Fwp%2Fv2%2Fcomments&post=7710"}],"version-history":[{"count":1,"href":"https:\/\/www.benarabi.org\/index.php?rest_route=\/wp\/v2\/posts\/7710\/revisions"}],"predecessor-version":[{"id":7713,"href":"https:\/\/www.benarabi.org\/index.php?rest_route=\/wp\/v2\/posts\/7710\/revisions\/7713"}],"wp:attachment":[{"href":"https:\/\/www.benarabi.org\/index.php?rest_route=%2Fwp%2Fv2%2Fmedia&parent=7710"}],"wp:term":[{"taxonomy":"category","embeddable":true,"href":"https:\/\/www.benarabi.org\/index.php?rest_route=%2Fwp%2Fv2%2Fcategories&post=7710"},{"taxonomy":"post_tag","embeddable":true,"href":"https:\/\/www.benarabi.org\/index.php?rest_route=%2Fwp%2Fv2%2Ftags&post=7710"}],"curies":[{"name":"wp","href":"https:\/\/api.w.org\/{rel}","templated":true}]}}