{"id":7763,"date":"2020-09-30T10:23:49","date_gmt":"2020-09-30T08:23:49","guid":{"rendered":"http:\/\/www.benarabi.org\/?p=7763"},"modified":"2020-09-30T10:41:22","modified_gmt":"2020-09-30T08:41:22","slug":"covid19-informacion-familias-y-entorno-escolar","status":"publish","type":"post","link":"https:\/\/www.benarabi.org\/?p=7763","title":{"rendered":"COVID19 &#8211; Informaci\u00f3n familias y entorno escolar"},"content":{"rendered":"<p style=\"text-align: justify;\"><img loading=\"lazy\" decoding=\"async\" class=\"alignleft wp-image-7766 size-full\" src=\"http:\/\/www.benarabi.org\/wp-content\/uploads\/2020\/09\/20200917_ENTORNO_ESCOLAR-1_page-0001-e1601454219525.jpg\" alt=\"\" width=\"150\" height=\"212\" \/>La Consejer\u00eda de Educaci\u00f3n y Cultura ha publicado una <strong>gu\u00eda de actuaci\u00f3n para familias y entorno escolar<\/strong>, donde les explica como actuar en el caso de tener positivos por COVID-19 en su entorno. Pueden ver la gu\u00eda <a href=\"http:\/\/www.benarabi.org\/wp-content\/uploads\/2020\/09\/20200917_ENTORNO_ESCOLAR-1-1.pdf\">pinchando aqu\u00ed<\/a>.<\/p>\n<p style=\"text-align: justify;\">Adem\u00e1s ha incluido un anexo con la <strong>declaraci\u00f3n responsable de cumplimiento de aislamiento\/cuarentena,<\/strong> que deben presentar al centro cuando el alumno se incorpore tras el cumplimiento de dicho periodo. Pueden verla <a href=\"http:\/\/www.benarabi.org\/wp-content\/uploads\/2020\/09\/Anexo-4-Protocolo-de-actuaci\u00f3n-Region-de-Murcia-Modelos-de-declaraciones-responsables-1-1.pdf\">pinchando aqu\u00ed<\/a>. Dicho anexo se debe enviar al email del instituto con el asunto COVID-19 antes de la incorporaci\u00f3n del alumno.<\/p>\n<p style=\"text-align: justify;\">No obstante, esta informaci\u00f3n la hemos incluido en un <strong>nuevo apartado \u00abCOVID-19\u00bb<\/strong> dentro del men\u00fa principal de nuestra web, donde iremos incluyendo la informaci\u00f3n para familias, alumnos y profesores.<\/p>\n","protected":false},"excerpt":{"rendered":"<p>La Consejer\u00eda de Educaci\u00f3n y Cultura ha publicado una gu\u00eda de actuaci\u00f3n para familias y entorno escolar, donde les explica como actuar en el caso de tener positivos por COVID-19 en su entorno. Pueden ver la gu\u00eda pinchando aqu\u00ed. Adem\u00e1s ha incluido un anexo con la declaraci\u00f3n responsable de cumplimiento de aislamiento\/cuarentena, que deben presentar [&hellip;]<\/p>\n","protected":false},"author":1,"featured_media":0,"comment_status":"closed","ping_status":"open","sticky":false,"template":"","format":"standard","meta":{"footnotes":""},"categories":[1],"tags":[],"class_list":["post-7763","post","type-post","status-publish","format-standard","hentry","category-sin-categoria"],"_links":{"self":[{"href":"https:\/\/www.benarabi.org\/index.php?rest_route=\/wp\/v2\/posts\/7763","targetHints":{"allow":["GET"]}}],"collection":[{"href":"https:\/\/www.benarabi.org\/index.php?rest_route=\/wp\/v2\/posts"}],"about":[{"href":"https:\/\/www.benarabi.org\/index.php?rest_route=\/wp\/v2\/types\/post"}],"author":[{"embeddable":true,"href":"https:\/\/www.benarabi.org\/index.php?rest_route=\/wp\/v2\/users\/1"}],"replies":[{"embeddable":true,"href":"https:\/\/www.benarabi.org\/index.php?rest_route=%2Fwp%2Fv2%2Fcomments&post=7763"}],"version-history":[{"count":2,"href":"https:\/\/www.benarabi.org\/index.php?rest_route=\/wp\/v2\/posts\/7763\/revisions"}],"predecessor-version":[{"id":7768,"href":"https:\/\/www.benarabi.org\/index.php?rest_route=\/wp\/v2\/posts\/7763\/revisions\/7768"}],"wp:attachment":[{"href":"https:\/\/www.benarabi.org\/index.php?rest_route=%2Fwp%2Fv2%2Fmedia&parent=7763"}],"wp:term":[{"taxonomy":"category","embeddable":true,"href":"https:\/\/www.benarabi.org\/index.php?rest_route=%2Fwp%2Fv2%2Fcategories&post=7763"},{"taxonomy":"post_tag","embeddable":true,"href":"https:\/\/www.benarabi.org\/index.php?rest_route=%2Fwp%2Fv2%2Ftags&post=7763"}],"curies":[{"name":"wp","href":"https:\/\/api.w.org\/{rel}","templated":true}]}}