{"id":7803,"date":"2020-10-15T11:50:06","date_gmt":"2020-10-15T09:50:06","guid":{"rendered":"http:\/\/www.benarabi.org\/?p=7803"},"modified":"2020-10-15T11:50:59","modified_gmt":"2020-10-15T09:50:59","slug":"convocatoria-de-la-xxiii-edicion-del-premio-jacinto-alcaraz-mellado","status":"publish","type":"post","link":"https:\/\/www.benarabi.org\/?p=7803","title":{"rendered":"Convocatoria de la XXIII Edici\u00f3n del Premio Jacinto Alcaraz Mellado"},"content":{"rendered":"<p style=\"text-align: justify;\"><img loading=\"lazy\" decoding=\"async\" class=\"alignleft size-full wp-image-7807\" src=\"http:\/\/www.benarabi.org\/wp-content\/uploads\/2020\/10\/CARTEL-XXIII-PREMIO-JACINTO-ALCARAZ-2.jpg\" alt=\"\" width=\"141\" height=\"200\" \/>Debido a la situaci\u00f3n del estado de alarma y al cierre de los centros educativos durante el tercer trimestre del curso pasado, la convocatoria del XXIII Premio Jacinto Alcaraz qued\u00f3 aplazada para este curso. El plazo de entrega de presentaci\u00f3n de candidaturas se ha ampliado <strong>hasta el 15 de noviembre de 2020.<\/strong><\/p>\n<p style=\"text-align: justify;\">Cualquier miembro de la comunidad educativa puede proponer a aquellas personas o instituciones que se hayan distinguido por su trabajo a favor de la solidaridad, la tolerancia y la convivencia. Las propuestas ser\u00e1n dentro del \u00e1mbito de la Regi\u00f3n de Murcia, a t\u00edtulo individual o colectivo.<\/p>\n<p style=\"text-align: justify;\">El nuevo cartel para la XXIII Edici\u00f3n ha sido dise\u00f1ado por el alumno de bachillerato de artes, Donis Hof.<\/p>\n<p style=\"text-align: justify;\">Si quieres ver las bases del premio,\u00a0<a href=\"https:\/\/sites.google.com\/a\/murciaeduca.es\/premio-jacinto-alcaraz-mellado\/bases-premio\">pincha aqu\u00ed<\/a>.<\/p>\n<p style=\"text-align: justify;\">Si quieres ver la informaci\u00f3n completa y detallada del Premio Jacinto Alcaraz Mellado,\u00a0<a href=\"https:\/\/sites.google.com\/a\/murciaeduca.es\/premio-jacinto-alcaraz-mellado\/\">pincha aqu\u00ed<\/a>.<\/p>\n","protected":false},"excerpt":{"rendered":"<p>Debido a la situaci\u00f3n del estado de alarma y al cierre de los centros educativos durante el tercer trimestre del curso pasado, la convocatoria del XXIII Premio Jacinto Alcaraz qued\u00f3 aplazada para este curso. El plazo de entrega de presentaci\u00f3n de candidaturas se ha ampliado hasta el 15 de noviembre de 2020. Cualquier miembro de [&hellip;]<\/p>\n","protected":false},"author":1,"featured_media":0,"comment_status":"closed","ping_status":"open","sticky":false,"template":"","format":"standard","meta":{"footnotes":""},"categories":[1],"tags":[],"class_list":["post-7803","post","type-post","status-publish","format-standard","hentry","category-sin-categoria"],"_links":{"self":[{"href":"https:\/\/www.benarabi.org\/index.php?rest_route=\/wp\/v2\/posts\/7803","targetHints":{"allow":["GET"]}}],"collection":[{"href":"https:\/\/www.benarabi.org\/index.php?rest_route=\/wp\/v2\/posts"}],"about":[{"href":"https:\/\/www.benarabi.org\/index.php?rest_route=\/wp\/v2\/types\/post"}],"author":[{"embeddable":true,"href":"https:\/\/www.benarabi.org\/index.php?rest_route=\/wp\/v2\/users\/1"}],"replies":[{"embeddable":true,"href":"https:\/\/www.benarabi.org\/index.php?rest_route=%2Fwp%2Fv2%2Fcomments&post=7803"}],"version-history":[{"count":4,"href":"https:\/\/www.benarabi.org\/index.php?rest_route=\/wp\/v2\/posts\/7803\/revisions"}],"predecessor-version":[{"id":7809,"href":"https:\/\/www.benarabi.org\/index.php?rest_route=\/wp\/v2\/posts\/7803\/revisions\/7809"}],"wp:attachment":[{"href":"https:\/\/www.benarabi.org\/index.php?rest_route=%2Fwp%2Fv2%2Fmedia&parent=7803"}],"wp:term":[{"taxonomy":"category","embeddable":true,"href":"https:\/\/www.benarabi.org\/index.php?rest_route=%2Fwp%2Fv2%2Fcategories&post=7803"},{"taxonomy":"post_tag","embeddable":true,"href":"https:\/\/www.benarabi.org\/index.php?rest_route=%2Fwp%2Fv2%2Ftags&post=7803"}],"curies":[{"name":"wp","href":"https:\/\/api.w.org\/{rel}","templated":true}]}}