{"id":8061,"date":"2020-12-09T09:30:52","date_gmt":"2020-12-09T08:30:52","guid":{"rendered":"http:\/\/www.benarabi.org\/?p=8061"},"modified":"2020-12-09T09:54:12","modified_gmt":"2020-12-09T08:54:12","slug":"celebracion-del-dia-de-la-constitucion-2020-ies-ben-arabi","status":"publish","type":"post","link":"https:\/\/www.benarabi.org\/?p=8061","title":{"rendered":"Celebraci\u00f3n del d\u00eda de la Constituci\u00f3n 2020. IES Ben Arab\u00ed."},"content":{"rendered":"<p style=\"font-weight: 400; text-align: justify;\"><img loading=\"lazy\" decoding=\"async\" class=\"alignleft wp-image-8062 size-full\" src=\"http:\/\/www.benarabi.org\/wp-content\/uploads\/2020\/12\/Celebraci\u00f3n-d\u00eda-Constituci\u00f3n-2020-e1607502678141.jpg\" alt=\"\" width=\"150\" height=\"112\" \/>En un a\u00f1o tan excepcional como \u00e9ste 2020, nos hemos visto privados de muchos de nuestros derechos constitucionales debido a la situaci\u00f3n excepcional que a nivel social se ha generado en nuestro pa\u00eds.<\/p>\n<p style=\"font-weight: 400; text-align: justify;\">La aplicaci\u00f3n del art\u00edculo 116 sobre el estado de alarma con el que nos vimos sorprendidos all\u00e1 por el mes de marzo, nos ha hecho fijarnos con m\u00e1s detalle en cu\u00e1les son nuestros derechos y la necesidad de conocerlos.<\/p>\n<p style=\"font-weight: 400; text-align: justify;\">El Departamento de AACC del IES Ben Arab\u00ed, apoyado por varios miembros de la comunidad educativa, pretende mantener una llama viva sobre nuestra constituci\u00f3n, que este a\u00f1o cumple 42 a\u00f1os desde su nacimiento.<\/p>\n<p style=\"font-weight: 400; text-align: justify;\">A trav\u00e9s de este v\u00eddeo, hacemos un repaso a algunos art\u00edculos relevantes de la Carta Magna.<\/p>\n<p style=\"font-weight: 400; text-align: justify;\">Padres, profesores, alumnos y personal de administraci\u00f3n y servicios ponen voz a nuestros derechos constitucionales.<\/p>\n<p style=\"font-weight: 400; text-align: justify;\">Como novedad, y debido al car\u00e1cter pluriling\u00fce y multicultural de nuestro centro, hemos incluido lecturas en cuatro idiomas: espa\u00f1ol, franc\u00e9s, ingl\u00e9s y \u00e1rabe.<\/p>\n<p style=\"font-weight: 400; text-align: justify;\">Han colaborado, por orden de aparici\u00f3n: Ana M\u00aa P\u00e9rez Gonz\u00e1lez (profesora), Jos\u00e9 Guill\u00e9n Leyva (profesor), Isabel Paredes Cano (profesora), Hasnaa Oudghiri Noumir (profesora), Julio Garc\u00eda Ru\u00edz (padre), Irune Rodr\u00edguez Rodr\u00edguez (alumna), Ver\u00f3nica Gonz\u00e1lez P\u00e1ez (PAS), M\u00aa. Bel\u00e9n Pi\u00f1ana D\u00edaz (profesora) y Diego Mart\u00ednez Torres (alumno). La idea original y montaje a cargo de Juan Pedro Liarte Belmonte (jefe de AACC).<\/p>\n<p style=\"font-weight: 400; text-align: justify;\">Especial agradecimiento a Beatriz Ortega Garc\u00eda y Olivia Manresa Rodr\u00edguez, ambas alumnas del PHI, que han puesto la m\u00fasica original de fondo en el montaje.<\/p>\n<p><iframe loading=\"lazy\" title=\"Celebraci\u00f3n del D\u00eda de la Constituci\u00f3n 2020. IES Ben Arab\u00ed\" width=\"830\" height=\"467\" src=\"https:\/\/www.youtube.com\/embed\/AAcA9WKpD-I?feature=oembed\" frameborder=\"0\" allow=\"accelerometer; autoplay; clipboard-write; encrypted-media; gyroscope; picture-in-picture\" allowfullscreen><\/iframe><\/p>\n","protected":false},"excerpt":{"rendered":"<p>En un a\u00f1o tan excepcional como \u00e9ste 2020, nos hemos visto privados de muchos de nuestros derechos constitucionales debido a la situaci\u00f3n excepcional que a nivel social se ha generado en nuestro pa\u00eds. La aplicaci\u00f3n del art\u00edculo 116 sobre el estado de alarma con el que nos vimos sorprendidos all\u00e1 por el mes de marzo, [&hellip;]<\/p>\n","protected":false},"author":1,"featured_media":0,"comment_status":"closed","ping_status":"open","sticky":false,"template":"","format":"standard","meta":{"footnotes":""},"categories":[1],"tags":[],"class_list":["post-8061","post","type-post","status-publish","format-standard","hentry","category-sin-categoria"],"_links":{"self":[{"href":"https:\/\/www.benarabi.org\/index.php?rest_route=\/wp\/v2\/posts\/8061","targetHints":{"allow":["GET"]}}],"collection":[{"href":"https:\/\/www.benarabi.org\/index.php?rest_route=\/wp\/v2\/posts"}],"about":[{"href":"https:\/\/www.benarabi.org\/index.php?rest_route=\/wp\/v2\/types\/post"}],"author":[{"embeddable":true,"href":"https:\/\/www.benarabi.org\/index.php?rest_route=\/wp\/v2\/users\/1"}],"replies":[{"embeddable":true,"href":"https:\/\/www.benarabi.org\/index.php?rest_route=%2Fwp%2Fv2%2Fcomments&post=8061"}],"version-history":[{"count":4,"href":"https:\/\/www.benarabi.org\/index.php?rest_route=\/wp\/v2\/posts\/8061\/revisions"}],"predecessor-version":[{"id":8066,"href":"https:\/\/www.benarabi.org\/index.php?rest_route=\/wp\/v2\/posts\/8061\/revisions\/8066"}],"wp:attachment":[{"href":"https:\/\/www.benarabi.org\/index.php?rest_route=%2Fwp%2Fv2%2Fmedia&parent=8061"}],"wp:term":[{"taxonomy":"category","embeddable":true,"href":"https:\/\/www.benarabi.org\/index.php?rest_route=%2Fwp%2Fv2%2Fcategories&post=8061"},{"taxonomy":"post_tag","embeddable":true,"href":"https:\/\/www.benarabi.org\/index.php?rest_route=%2Fwp%2Fv2%2Ftags&post=8061"}],"curies":[{"name":"wp","href":"https:\/\/api.w.org\/{rel}","templated":true}]}}