{"id":8072,"date":"2020-12-15T14:00:44","date_gmt":"2020-12-15T13:00:44","guid":{"rendered":"http:\/\/www.benarabi.org\/?p=8072"},"modified":"2021-01-12T09:38:11","modified_gmt":"2021-01-12T08:38:11","slug":"publicada-la-resolucion-provisional-de-las-ayudas-individualizadas-de-transporte-escolar-para-el-curso-2019-2020","status":"publish","type":"post","link":"https:\/\/www.benarabi.org\/?p=8072","title":{"rendered":"Publicada  la resoluci\u00f3n provisional de las ayudas individualizadas de transporte escolar para el curso 2019-2020"},"content":{"rendered":"<p style=\"text-align: justify;\"><img loading=\"lazy\" decoding=\"async\" class=\"size-full alignleft\" src=\"http:\/\/www.benarabi.org\/wp-content\/uploads\/2020\/06\/ayudas-individualizadas-de-transporte-escolar-para-el-curso-2017-2018-e1592845465566.jpg\" width=\"150\" height=\"148\" \/>Ha sido publicada la Resoluci\u00f3n de la Direcci\u00f3n General de Centros Educativos e Infraestructuras por la que se hace p\u00fablica la resoluci\u00f3n provisional de las ayudas individualizadas de transporte escolar para el curso 2019-2020. Puede consultarla <a class=\"enlaceMarron\" title=\"Resoluci\u00f3n de la Direcci\u00f3n General de Centros Educativos e Infraestructuras por la que se hace p\u00fablica la resoluci\u00f3n provisional de las ayudas individualizadas de transporte escolar para el curso 2019-202\" href=\"http:\/\/servicios.educarm.es\/templates\/portal\/ficheros\/websDinamicas\/45\/3.%20Propuesta%20de%20resoluci%C3%B3n%20provis%20C.I%20369174%2011-12-20.pdf\" target=\"_blank\" rel=\"noopener noreferrer\">pinchando aqu\u00ed.<\/a><\/p>\n<div class=\"cuerpoContenidoCentral\">\n<p style=\"text-align: justify;\">Plazo de reclamaciones desde el 14 hasta el 29 de diciembre de 2020, ambos inclusive.<\/p>\n<\/div>\n","protected":false},"excerpt":{"rendered":"<p>Ha sido publicada la Resoluci\u00f3n de la Direcci\u00f3n General de Centros Educativos e Infraestructuras por la que se hace p\u00fablica la resoluci\u00f3n provisional de las ayudas individualizadas de transporte escolar para el curso 2019-2020. Puede consultarla pinchando aqu\u00ed. Plazo de reclamaciones desde el 14 hasta el 29 de diciembre de 2020, ambos inclusive.<\/p>\n","protected":false},"author":1,"featured_media":0,"comment_status":"closed","ping_status":"open","sticky":false,"template":"","format":"standard","meta":{"footnotes":""},"categories":[1],"tags":[],"class_list":["post-8072","post","type-post","status-publish","format-standard","hentry","category-sin-categoria"],"_links":{"self":[{"href":"https:\/\/www.benarabi.org\/index.php?rest_route=\/wp\/v2\/posts\/8072","targetHints":{"allow":["GET"]}}],"collection":[{"href":"https:\/\/www.benarabi.org\/index.php?rest_route=\/wp\/v2\/posts"}],"about":[{"href":"https:\/\/www.benarabi.org\/index.php?rest_route=\/wp\/v2\/types\/post"}],"author":[{"embeddable":true,"href":"https:\/\/www.benarabi.org\/index.php?rest_route=\/wp\/v2\/users\/1"}],"replies":[{"embeddable":true,"href":"https:\/\/www.benarabi.org\/index.php?rest_route=%2Fwp%2Fv2%2Fcomments&post=8072"}],"version-history":[{"count":2,"href":"https:\/\/www.benarabi.org\/index.php?rest_route=\/wp\/v2\/posts\/8072\/revisions"}],"predecessor-version":[{"id":8097,"href":"https:\/\/www.benarabi.org\/index.php?rest_route=\/wp\/v2\/posts\/8072\/revisions\/8097"}],"wp:attachment":[{"href":"https:\/\/www.benarabi.org\/index.php?rest_route=%2Fwp%2Fv2%2Fmedia&parent=8072"}],"wp:term":[{"taxonomy":"category","embeddable":true,"href":"https:\/\/www.benarabi.org\/index.php?rest_route=%2Fwp%2Fv2%2Fcategories&post=8072"},{"taxonomy":"post_tag","embeddable":true,"href":"https:\/\/www.benarabi.org\/index.php?rest_route=%2Fwp%2Fv2%2Ftags&post=8072"}],"curies":[{"name":"wp","href":"https:\/\/api.w.org\/{rel}","templated":true}]}}