{"id":8083,"date":"2020-12-21T13:40:45","date_gmt":"2020-12-21T12:40:45","guid":{"rendered":"http:\/\/www.benarabi.org\/?p=8083"},"modified":"2020-12-21T13:42:19","modified_gmt":"2020-12-21T12:42:19","slug":"admision-de-alumnos-curso-21-22","status":"publish","type":"post","link":"https:\/\/www.benarabi.org\/?p=8083","title":{"rendered":"Admisi\u00f3n de Alumnos Curso 21-22"},"content":{"rendered":"<p style=\"text-align: justify;\"><img loading=\"lazy\" decoding=\"async\" class=\"size-full alignleft\" src=\"https:\/\/www.educarm.es\/image\/journal\/article?img_id=3260904&amp;t=1553152413776\" width=\"152\" height=\"100\" \/>La Consejer\u00eda de Educaci\u00f3n y Cultura ha publicado el calendario de admisi\u00f3n de alumnos en Educaci\u00f3n Infantil y Primaria, Educaci\u00f3n Secundaria Obligatoria (ESO) y Bachillerato para el curso 2021\/2022, cuyas solicitudes se podr\u00e1n presentar a partir del 22 de febrero.<\/p>\n<p style=\"text-align: justify;\">El proceso para que familias y alumnos de la Regi\u00f3n de Murcia soliciten plaza en un centro educativo se extender\u00e1 <strong><u>desde el 22 de febrero hasta el 18 de marzo<\/u><\/strong>. Las familias\u00a0podr\u00e1n presentar los impresos de solicitud en el centro de su preferencia o a trav\u00e9s de la web de Administraci\u00f3n electr\u00f3nica de la Comunidad Aut\u00f3noma, tanto para Infantil, Primaria, Secundaria y Bachillerato.<\/p>\n<p style=\"text-align: justify;\">Las familias que opten por presentar su solicitud en los centros educativos, se deber\u00e1 realizar mediante cita previa llamando al tel\u00e9fono del centro a partir del 15 de febrero.<\/p>\n<p style=\"text-align: justify;\">Si quieres ver la informaci\u00f3n completa, <a href=\"http:\/\/servicios.educarm.es\/admin\/webForm.php?mode=visualizaAplicacionWeb&amp;aplicacion=ADA&amp;web=34&amp;zona=FAMILIAS&amp;menuSeleccionado=881\" target=\"_blank\" rel=\"noopener noreferrer\">pincha aqu\u00ed<\/a>.<\/p>\n","protected":false},"excerpt":{"rendered":"<p>La Consejer\u00eda de Educaci\u00f3n y Cultura ha publicado el calendario de admisi\u00f3n de alumnos en Educaci\u00f3n Infantil y Primaria, Educaci\u00f3n Secundaria Obligatoria (ESO) y Bachillerato para el curso 2021\/2022, cuyas solicitudes se podr\u00e1n presentar a partir del 22 de febrero. El proceso para que familias y alumnos de la Regi\u00f3n de Murcia soliciten plaza en [&hellip;]<\/p>\n","protected":false},"author":1,"featured_media":0,"comment_status":"closed","ping_status":"open","sticky":false,"template":"","format":"standard","meta":{"footnotes":""},"categories":[1],"tags":[],"class_list":["post-8083","post","type-post","status-publish","format-standard","hentry","category-sin-categoria"],"_links":{"self":[{"href":"https:\/\/www.benarabi.org\/index.php?rest_route=\/wp\/v2\/posts\/8083","targetHints":{"allow":["GET"]}}],"collection":[{"href":"https:\/\/www.benarabi.org\/index.php?rest_route=\/wp\/v2\/posts"}],"about":[{"href":"https:\/\/www.benarabi.org\/index.php?rest_route=\/wp\/v2\/types\/post"}],"author":[{"embeddable":true,"href":"https:\/\/www.benarabi.org\/index.php?rest_route=\/wp\/v2\/users\/1"}],"replies":[{"embeddable":true,"href":"https:\/\/www.benarabi.org\/index.php?rest_route=%2Fwp%2Fv2%2Fcomments&post=8083"}],"version-history":[{"count":2,"href":"https:\/\/www.benarabi.org\/index.php?rest_route=\/wp\/v2\/posts\/8083\/revisions"}],"predecessor-version":[{"id":8085,"href":"https:\/\/www.benarabi.org\/index.php?rest_route=\/wp\/v2\/posts\/8083\/revisions\/8085"}],"wp:attachment":[{"href":"https:\/\/www.benarabi.org\/index.php?rest_route=%2Fwp%2Fv2%2Fmedia&parent=8083"}],"wp:term":[{"taxonomy":"category","embeddable":true,"href":"https:\/\/www.benarabi.org\/index.php?rest_route=%2Fwp%2Fv2%2Fcategories&post=8083"},{"taxonomy":"post_tag","embeddable":true,"href":"https:\/\/www.benarabi.org\/index.php?rest_route=%2Fwp%2Fv2%2Ftags&post=8083"}],"curies":[{"name":"wp","href":"https:\/\/api.w.org\/{rel}","templated":true}]}}