{"id":8103,"date":"2021-01-20T13:06:48","date_gmt":"2021-01-20T12:06:48","guid":{"rendered":"http:\/\/www.benarabi.org\/?p=8103"},"modified":"2021-01-28T12:56:45","modified_gmt":"2021-01-28T11:56:45","slug":"comienza-la-ix-semana-cultural-del-ies-ben-arabi-mirando-al-futuro-20-21","status":"publish","type":"post","link":"https:\/\/www.benarabi.org\/?p=8103","title":{"rendered":"Comienza la IX Semana Cultural del IES Ben Arab\u00ed. \u201cMirando al futuro\u201d 20\/21"},"content":{"rendered":"<p style=\"text-align: justify;\"><img loading=\"lazy\" decoding=\"async\" class=\"alignleft size-full wp-image-8104\" src=\"http:\/\/www.benarabi.org\/wp-content\/uploads\/2021\/01\/Sin-t\u00edtulo-e1611144389333.png\" alt=\"\" width=\"150\" height=\"237\" \/>\u00bfC\u00f3mo va a ser nuestro futuro pr\u00f3ximo? Del 25 al 28 de enero de 2021, tendr\u00e1 lugar la IX Semana Cultural de nuestro instituto, que este a\u00f1o lleva por t\u00edtulo \u201cMirando al futuro\u201d.<\/p>\n<p style=\"text-align: justify;\">Conferencias, exposiciones, concursos y actividades departamentales dinamizar\u00e1n el centro durante una semana.<\/p>\n<p style=\"text-align: justify;\">Todas las actividades se llevar\u00e1n a cabo bajo las m\u00e1s estrictas medidas de seguridad sanitarias. Las conferencias ser\u00e1n telem\u00e1ticas y a trav\u00e9s de youtube, exposiciones online, concursos para nuestros alumnos a realizar desde casa, y las actividades de aula de los departamentos.<\/p>\n<p style=\"text-align: justify;\">Destacamos las dos conferencias sobre <strong>la ingenier\u00eda biom\u00e9dica<\/strong> a cargo de D. Joaqu\u00edn Roca Gonz\u00e1lez (UPCT); y la <strong>Cartagena del futuro<\/strong> dirigida por D. Jos\u00e9 Manuel Chac\u00f3n Bulnes (arquitecto), y una mesa redonda con el tema principal de <strong>\u201cCartagena: ciudad del futuro\u201d<\/strong>, moderada por D. Francisco J. Franco Fernandez (profesor del IES Ben Arab\u00ed y cronista oficial de Cartagena) con especialistas de varios \u00e1mbitos de la actualidad de Cartagena y comarca. Esta podr\u00e1 ser seguida en directo a trav\u00e9s de nuestro canal de youtube por todos los interesados ajenos al centro.<\/p>\n<p style=\"text-align: justify;\">Adem\u00e1s, tendremos 2 concursos creativos de microrrelatos y dibujo dirigidos a nuestros alumnos del centro. Como novedad, y de forma remota, participar\u00e1n como centros invitados a algunas de nuestras conferencias el IES San Isidoro de Los Dolores de Cartagena, y el Lyc\u00e9e Pierre Du Terrail de Pontcharra (Francia).<\/p>\n<p style=\"text-align: justify;\">Informar por otro lado que, este a\u00f1o nos hemos visto obligados a suspender la celebraci\u00f3n del d\u00eda del centro que sol\u00eda culminar la semana con actividades l\u00fadicas debido a la situaci\u00f3n actual de alerta sanitaria.<\/p>\n<p style=\"text-align: justify;\">Esperamos que con esta Semana Cultural consigamos nuestros objetivos.<\/p>\n<p style=\"text-align: justify;\">\u00a1Os animamos a participar. Sin vosotros, esto no es posible!<\/p>\n<p style=\"text-align: justify;\">Si quieres ver el Programa de la Semana Cultural y las bases de los concursos,\u00a0<a href=\"https:\/\/docs.google.com\/a\/murciaeduca.es\/viewer?a=v&amp;pid=sites&amp;srcid=bXVyY2lhZWR1Y2EuZXN8YWN0aXZpZGFkZXMtY29tcGxlbWVudGFyaWFzLWNlbnRyb3xneDozMTgyMjI1OWI0MDg1OTI5\">pincha aqu\u00ed<\/a>.<\/p>\n","protected":false},"excerpt":{"rendered":"<p>\u00bfC\u00f3mo va a ser nuestro futuro pr\u00f3ximo? Del 25 al 28 de enero de 2021, tendr\u00e1 lugar la IX Semana Cultural de nuestro instituto, que este a\u00f1o lleva por t\u00edtulo \u201cMirando al futuro\u201d. Conferencias, exposiciones, concursos y actividades departamentales dinamizar\u00e1n el centro durante una semana. Todas las actividades se llevar\u00e1n a cabo bajo las m\u00e1s [&hellip;]<\/p>\n","protected":false},"author":1,"featured_media":0,"comment_status":"closed","ping_status":"open","sticky":false,"template":"","format":"standard","meta":{"footnotes":""},"categories":[1],"tags":[],"class_list":["post-8103","post","type-post","status-publish","format-standard","hentry","category-sin-categoria"],"_links":{"self":[{"href":"https:\/\/www.benarabi.org\/index.php?rest_route=\/wp\/v2\/posts\/8103","targetHints":{"allow":["GET"]}}],"collection":[{"href":"https:\/\/www.benarabi.org\/index.php?rest_route=\/wp\/v2\/posts"}],"about":[{"href":"https:\/\/www.benarabi.org\/index.php?rest_route=\/wp\/v2\/types\/post"}],"author":[{"embeddable":true,"href":"https:\/\/www.benarabi.org\/index.php?rest_route=\/wp\/v2\/users\/1"}],"replies":[{"embeddable":true,"href":"https:\/\/www.benarabi.org\/index.php?rest_route=%2Fwp%2Fv2%2Fcomments&post=8103"}],"version-history":[{"count":2,"href":"https:\/\/www.benarabi.org\/index.php?rest_route=\/wp\/v2\/posts\/8103\/revisions"}],"predecessor-version":[{"id":8106,"href":"https:\/\/www.benarabi.org\/index.php?rest_route=\/wp\/v2\/posts\/8103\/revisions\/8106"}],"wp:attachment":[{"href":"https:\/\/www.benarabi.org\/index.php?rest_route=%2Fwp%2Fv2%2Fmedia&parent=8103"}],"wp:term":[{"taxonomy":"category","embeddable":true,"href":"https:\/\/www.benarabi.org\/index.php?rest_route=%2Fwp%2Fv2%2Fcategories&post=8103"},{"taxonomy":"post_tag","embeddable":true,"href":"https:\/\/www.benarabi.org\/index.php?rest_route=%2Fwp%2Fv2%2Ftags&post=8103"}],"curies":[{"name":"wp","href":"https:\/\/api.w.org\/{rel}","templated":true}]}}