{"id":8125,"date":"2021-02-02T10:56:49","date_gmt":"2021-02-02T09:56:49","guid":{"rendered":"http:\/\/www.benarabi.org\/?p=8125"},"modified":"2021-02-03T09:40:28","modified_gmt":"2021-02-03T08:40:28","slug":"convocadas-pruebas-de-acceso-a-los-ciclos-formativos-de-grado-medio-y-de-grado-superior-de-formacion-profesional-en-la-carm","status":"publish","type":"post","link":"https:\/\/www.benarabi.org\/?p=8125","title":{"rendered":"Convocadas Pruebas de Acceso a los ciclos formativos de grado medio y de grado superior de formaci\u00f3n profesional en la CARM."},"content":{"rendered":"<p style=\"text-align: justify;\"><img loading=\"lazy\" decoding=\"async\" class=\"size-full alignleft\" src=\"http:\/\/www.benarabi.org\/wp-content\/uploads\/2020\/01\/Pruebas-de-acceso-FP-e1578651563873.jpg\" width=\"150\" height=\"162\" \/>En el BORM de s\u00e1bado 23 de enero de 2021, se public\u00f3 la Resoluci\u00f3n de 20 de enero de 2021 de la Direcci\u00f3n General de Evaluaci\u00f3n Educativa y Formaci\u00f3n Profesional, por la que se convoca la celebraci\u00f3n de la prueba de acceso a los ciclos formativos de grado medio y de grado superior de formaci\u00f3n profesional del sistema educativo en la Comunidad Aut\u00f3noma de la Regi\u00f3n de Murcia, correspondientes al a\u00f1o 2021<\/p>\n<p style=\"text-align: justify;\">La finalidad de estas pruebas es facilitar a las personas que no re\u00fanan el requisito acad\u00e9mico exigido para el acceso directo a dichas ense\u00f1anzas que puedan continuar su formaci\u00f3n, incorpor\u00e1ndose a los ciclos formativos de formaci\u00f3n profesional de grado medio o de grado superior en unas condiciones suficientes para cursar con aprovechamiento las mismas.<\/p>\n<p style=\"text-align: justify;\">Como en a\u00f1os anteriores, la solicitud deber\u00e1 cumplimentarse electr\u00f3nicamente en el modelo oficial, al que se acceder\u00e1, con car\u00e1cter general, en la sede electr\u00f3nica de la Comunidad Aut\u00f3noma de la Regi\u00f3n de Murcia a trav\u00e9s del punto de acceso \u201cpresentaci\u00f3n de solicitudes. D\u00f3nde y c\u00f3mo tramitar\u201d en la siguiente URL: https:\/\/sede.carm.es (c\u00f3digo de procedimiento 814). Tambi\u00e9n se podr\u00e1 enlazar directamente al formulario correspondiente mediante el portal http:\/\/www. carm.es\/educacion, \u201c\u00e1rea tem\u00e1tica de formaci\u00f3n profesional\u201d (ruta formaci\u00f3n profesional del sistema educativo-&gt; Pruebas de Acceso a Ciclos Formativos de Formaci\u00f3n Profesional), en la que tambi\u00e9n se pondr\u00e1 a disposici\u00f3n de las personas solicitantes informaci\u00f3n detallada, tanto para su correcta cumplimentaci\u00f3n como para el seguimiento del proceso.<\/p>\n<p style=\"text-align: justify;\">El plazo para enviar o presentar por el medio electr\u00f3nico el formulario al que se refiere el apartado tercero.1 de esta resoluci\u00f3n para solicitar la inscripci\u00f3n en las pruebas empezar\u00e1 <strong>desde las 9:00 horas del<\/strong> <strong>26 de enero hasta las 14:00 horas del 10 de febrero de 2021.<\/strong><\/p>\n<p style=\"text-align: justify;\">Si quieres ver la Resoluci\u00f3n con la informaci\u00f3n completa, <a href=\"http:\/\/www.benarabi.org\/wp-content\/uploads\/2021\/02\/PRUEBAS-DE-ACCESO-CICLOS_2021-362-1.pdf\">pincha aqu\u00ed<\/a>.<\/p>\n<p>Si quieres ver la web de la CARM donde se muestra manual de instrucciones para cumplimentar la solicitud, orientaciones para los ex\u00e1menes, contenidos de referencia, recopilaci\u00f3n de ex\u00e1menes de convocatorias anteriores, &#8230;. <a href=\"https:\/\/www.carm.es\/web\/pagina?IDCONTENIDO=27281&amp;IDTIPO=100&amp;RASTRO=c816$m17010\" target=\"_blank\" rel=\"noopener noreferrer\">pincha aqu\u00ed<\/a>.<\/p>\n","protected":false},"excerpt":{"rendered":"<p>En el BORM de s\u00e1bado 23 de enero de 2021, se public\u00f3 la Resoluci\u00f3n de 20 de enero de 2021 de la Direcci\u00f3n General de Evaluaci\u00f3n Educativa y Formaci\u00f3n Profesional, por la que se convoca la celebraci\u00f3n de la prueba de acceso a los ciclos formativos de grado medio y de grado superior de formaci\u00f3n [&hellip;]<\/p>\n","protected":false},"author":1,"featured_media":0,"comment_status":"closed","ping_status":"open","sticky":false,"template":"","format":"standard","meta":{"footnotes":""},"categories":[1],"tags":[],"class_list":["post-8125","post","type-post","status-publish","format-standard","hentry","category-sin-categoria"],"_links":{"self":[{"href":"https:\/\/www.benarabi.org\/index.php?rest_route=\/wp\/v2\/posts\/8125","targetHints":{"allow":["GET"]}}],"collection":[{"href":"https:\/\/www.benarabi.org\/index.php?rest_route=\/wp\/v2\/posts"}],"about":[{"href":"https:\/\/www.benarabi.org\/index.php?rest_route=\/wp\/v2\/types\/post"}],"author":[{"embeddable":true,"href":"https:\/\/www.benarabi.org\/index.php?rest_route=\/wp\/v2\/users\/1"}],"replies":[{"embeddable":true,"href":"https:\/\/www.benarabi.org\/index.php?rest_route=%2Fwp%2Fv2%2Fcomments&post=8125"}],"version-history":[{"count":3,"href":"https:\/\/www.benarabi.org\/index.php?rest_route=\/wp\/v2\/posts\/8125\/revisions"}],"predecessor-version":[{"id":8137,"href":"https:\/\/www.benarabi.org\/index.php?rest_route=\/wp\/v2\/posts\/8125\/revisions\/8137"}],"wp:attachment":[{"href":"https:\/\/www.benarabi.org\/index.php?rest_route=%2Fwp%2Fv2%2Fmedia&parent=8125"}],"wp:term":[{"taxonomy":"category","embeddable":true,"href":"https:\/\/www.benarabi.org\/index.php?rest_route=%2Fwp%2Fv2%2Fcategories&post=8125"},{"taxonomy":"post_tag","embeddable":true,"href":"https:\/\/www.benarabi.org\/index.php?rest_route=%2Fwp%2Fv2%2Ftags&post=8125"}],"curies":[{"name":"wp","href":"https:\/\/api.w.org\/{rel}","templated":true}]}}