{"id":8154,"date":"2021-02-17T10:39:15","date_gmt":"2021-02-17T09:39:15","guid":{"rendered":"http:\/\/www.benarabi.org\/?p=8154"},"modified":"2021-02-26T10:08:39","modified_gmt":"2021-02-26T09:08:39","slug":"carlos-rubio-gonzalez-alumno-de-1o-de-bachillerato-recibe-el-premio-de-poesia-albacara","status":"publish","type":"post","link":"https:\/\/www.benarabi.org\/?p=8154","title":{"rendered":"Carlos Rubio Gonz\u00e1lez, alumno de 1\u00ba de Bachillerato, recibe el premio de poes\u00eda Albacara"},"content":{"rendered":"<p style=\"text-align: justify;\"><img loading=\"lazy\" decoding=\"async\" class=\"alignleft size-full wp-image-8155\" src=\"http:\/\/www.benarabi.org\/wp-content\/uploads\/2021\/02\/1613552918020-e1613554743369.jpg\" alt=\"\" width=\"150\" height=\"113\" \/>Nuestro alumno y compa\u00f1ero Carlos Rubio, que cursa 1\u00ba de Bachillerato en el grupo B11C, ha sido galardonado en el certamen de poes\u00eda Albacara, organizado por el Ayuntamiento de Caravaca de la Cruz, en su edici\u00f3n de 2020, con el poema titulado \u201cEl camino de los cipreses y la tumba an\u00f3nima\u201d. El premio corresponde a la modalidad denominada <em>Escuela de mandarines<\/em>, en la categor\u00eda de alumnos de Bachillerato y Formaci\u00f3n Profesional. El lunes 8 de febrero se hizo entrega del premio, aunque el acto oficial fue retransmitido por redes sociales el pasado s\u00e1bado 13. Este no es el primer reconocimiento p\u00fablico que recibe la carrera literaria de Carlos, ya que su poes\u00eda ya fue premiada en el II certamen literario <em>Viento del pueblo<\/em>, que organiza nuestro instituto junto en el IES Mediterr\u00e1neo. Tambi\u00e9n ha visto publicado un texto en la revista <em>Prometea,<\/em> que recoge los encuentros literarios de autores de Cartagena. Toda la comunidad educativa del IES Ben Arab\u00ed da la enhorabuena a este joven artista, y le desea muchos \u00e9xitos en su aventura literaria.<\/p>\n<p>Si quieres ver mas fotograf\u00edas <a href=\"http:\/\/www.benarabi.org\/?attachment_id=8173\" target=\"_blank\" rel=\"noopener noreferrer\">pincha aqu\u00ed<\/a>.<\/p>\n","protected":false},"excerpt":{"rendered":"<p>Nuestro alumno y compa\u00f1ero Carlos Rubio, que cursa 1\u00ba de Bachillerato en el grupo B11C, ha sido galardonado en el certamen de poes\u00eda Albacara, organizado por el Ayuntamiento de Caravaca de la Cruz, en su edici\u00f3n de 2020, con el poema titulado \u201cEl camino de los cipreses y la tumba an\u00f3nima\u201d. El premio corresponde a [&hellip;]<\/p>\n","protected":false},"author":1,"featured_media":0,"comment_status":"closed","ping_status":"open","sticky":false,"template":"","format":"standard","meta":{"footnotes":""},"categories":[1],"tags":[],"class_list":["post-8154","post","type-post","status-publish","format-standard","hentry","category-sin-categoria"],"_links":{"self":[{"href":"https:\/\/www.benarabi.org\/index.php?rest_route=\/wp\/v2\/posts\/8154","targetHints":{"allow":["GET"]}}],"collection":[{"href":"https:\/\/www.benarabi.org\/index.php?rest_route=\/wp\/v2\/posts"}],"about":[{"href":"https:\/\/www.benarabi.org\/index.php?rest_route=\/wp\/v2\/types\/post"}],"author":[{"embeddable":true,"href":"https:\/\/www.benarabi.org\/index.php?rest_route=\/wp\/v2\/users\/1"}],"replies":[{"embeddable":true,"href":"https:\/\/www.benarabi.org\/index.php?rest_route=%2Fwp%2Fv2%2Fcomments&post=8154"}],"version-history":[{"count":7,"href":"https:\/\/www.benarabi.org\/index.php?rest_route=\/wp\/v2\/posts\/8154\/revisions"}],"predecessor-version":[{"id":8178,"href":"https:\/\/www.benarabi.org\/index.php?rest_route=\/wp\/v2\/posts\/8154\/revisions\/8178"}],"wp:attachment":[{"href":"https:\/\/www.benarabi.org\/index.php?rest_route=%2Fwp%2Fv2%2Fmedia&parent=8154"}],"wp:term":[{"taxonomy":"category","embeddable":true,"href":"https:\/\/www.benarabi.org\/index.php?rest_route=%2Fwp%2Fv2%2Fcategories&post=8154"},{"taxonomy":"post_tag","embeddable":true,"href":"https:\/\/www.benarabi.org\/index.php?rest_route=%2Fwp%2Fv2%2Ftags&post=8154"}],"curies":[{"name":"wp","href":"https:\/\/api.w.org\/{rel}","templated":true}]}}