{"id":8190,"date":"2021-03-05T09:40:13","date_gmt":"2021-03-05T08:40:13","guid":{"rendered":"http:\/\/www.benarabi.org\/?p=8190"},"modified":"2021-12-20T13:04:43","modified_gmt":"2021-12-20T12:04:43","slug":"convocatoria-de-la-xxiii-edicion-del-premio-jacinto-alcaraz-mellado-2","status":"publish","type":"post","link":"https:\/\/www.benarabi.org\/?p=8190","title":{"rendered":"El IES. Ben Arab\u00ed de Cartagena entrega el XXIII Premio Jacinto Alcaraz Mellado a la Asociaci\u00f3n Espa\u00f1ola Contra el C\u00e1ncer (AECC)"},"content":{"rendered":"<p style=\"background: white;\"><span style=\"font-family: 'Arial','sans-serif'; color: #666666;\"><img loading=\"lazy\" decoding=\"async\" class=\"alignleft size-full wp-image-8191\" src=\"http:\/\/www.benarabi.org\/wp-content\/uploads\/2021\/03\/IMG_20210304_105647_5-scaled-e1614933396492.jpg\" alt=\"\" width=\"150\" height=\"113\" \/><\/span><\/p>\n<p style=\"text-align: justify;\">El jueves 4 de marzo, la Asociaci\u00f3n Espa\u00f1ola Contra el C\u00e1ncer (AECC) recibi\u00f3 el XXIII Premio Jacinto Alcaraz Mellado, que concede anualmente el instituto Ben Arab\u00ed a aquellas personas o instituciones que se hayan distinguido por su trabajo a favor de la solidaridad, tolerancia y convivencia en la Regi\u00f3n de Murcia.<\/p>\n<p style=\"text-align: justify;\">La Asociaci\u00f3n Espa\u00f1ola Contra el C\u00e1ncer, es una asociaci\u00f3n que vela y trabaja por la lucha contra el c\u00e1ncer. En su manifiesto establece que trabajan para educar en salud, apoyar y acompa\u00f1ar a las personas enfermas y sus familias, y financiar proyectos de investigaci\u00f3n que permitir\u00e1n un mejor diagn\u00f3stico y tratamiento del c\u00e1ncer.<\/p>\n<p style=\"text-align: justify;\">Se trata de una organizaci\u00f3n sin \u00e1nimo de lucro que la forman: pacientes, familiares, voluntarios, colaboradores y profesionales. Para poder reducir el impacto del c\u00e1ncer en la sociedad, la Asociaci\u00f3n lo hace a trav\u00e9s de la investigaci\u00f3n, de campa\u00f1as de concienciaci\u00f3n y de ayuda a personas que sufren esta enfermedad, as\u00ed como a sus familiares. La Asociaci\u00f3n integra la Fundaci\u00f3n Cient\u00edfica AECC que vela por avanzar en este sentido para poder dar soluciones para el fin de esta enfermedad.<\/p>\n<p style=\"text-align: justify;\">Por otro lado, la Fundaci\u00f3n involucra a la sociedad en la investigaci\u00f3n en c\u00e1ncer; organiza actividades de divulgaci\u00f3n cient\u00edfica que persiguen generar conocimiento en la sociedad sobre investigaci\u00f3n; informa y comunica sobre avances y resultados en investigaci\u00f3n; adem\u00e1s, est\u00e1 liderada por el Patronato, \u00f3rgano de gobierno compuesto por miembros del \u00e1mbito cient\u00edfico, econ\u00f3mico y social que colaboran de manera completamente altruista y ejercen sus funciones como voluntarios.<\/p>\n<p style=\"text-align: justify;\">Este premio est\u00e1 subvencionado por la Concejal\u00eda de Educaci\u00f3n del Ayuntamiento de Cartagena, la Consejer\u00eda de Educaci\u00f3n y Cultura, y Fundaci\u00f3n Cajamurcia.<\/p>\n<p style=\"text-align: justify;\"><!--more--><\/p>\n<p style=\"text-align: justify;\">La ceremonia de entrega del premio tuvo lugar en el Auditorio del Conservatorio de M\u00fasica de Cartagena y cont\u00f3 con las intervenciones de D. Carlos Albaladejo Alarc\u00f3n, \u00a0Director General de Innovaci\u00f3n Educativa y Atenci\u00f3n a la Diversidad y D\u00aa Mar\u00eda Irene Ruiz Roca, Concejala del \u00c1rea de Gobierno de Educaci\u00f3n del Ayuntamiento de Cartagena.<\/p>\n<p style=\"text-align: justify;\">La AECC estuvo representada por dos miembros de su junta directiva, D\u00aa. M\u00aa Eugenia Gonz\u00e1lez y D\u00aa. Nazarena Balaguer y recibieron como premio, una estatuilla y una dotaci\u00f3n econ\u00f3mica de 600 euros.<\/p>\n<p style=\"text-align: justify;\">En el acto tambi\u00e9n se present\u00f3 el cartel de la vig\u00e9simo cuarta edici\u00f3n, realizado por el profesor del IES. Ben Arabi y\u00a0 pintor, Jos\u00e9 Fernando Mellado Pardo, y que supone la apertura de la nueva edici\u00f3n que concluir\u00e1 con la siguiente entrega el pr\u00f3ximo a\u00f1o. En la ceremonia, se interpretaron las piezas musicales: Libertazgo, de Piazzolla y Three Progressive Clarinet Duets no3 in C Major, de Bernhard Crusell, a cargo de los alumnos del IES y del Conservatorio, Cristina Mart\u00ednez Rico, Irene Lloret Pacheco, Marina Callej\u00f3n Cerd\u00e1n, Jorge Alcaraz Zaplana, Candela Alcaraz Barahona y Carmen Vivancos Guijarro. Adem\u00e1s, la alumna Luc\u00eda Rem\u00edrez Reverte, ganadora\u00a0 del Concurso de Microrrelatos de la IX Semana Cultural del Centro, hizo lectura del mismo.<\/p>\n<p style=\"text-align: justify;\">El Director del IES Ben Arabi, D. Manuel D\u00edaz Segura resalt\u00f3 el compromiso firme y consolidado de toda la comunidad educativa del IES. Ben Arab\u00ed, con el fomento y difusi\u00f3n de unos valores tan \u00a0relevantes en nuestra sociedad y felicit\u00f3 a todas las instituciones y organizaciones, que a\u00fan no siendo las ganadoras del Premio, trabajan d\u00eda a d\u00eda en el fomento de la solidaridad, tolerancia y convivencia.<\/p>\n<div id='gallery-1' class='gallery galleryid-8190 gallery-columns-3 gallery-size-thumbnail'><figure class='gallery-item'>\n\t\t\t<div class='gallery-icon landscape'>\n\t\t\t\t<a href='https:\/\/www.benarabi.org\/?attachment_id=8193'><img loading=\"lazy\" decoding=\"async\" width=\"250\" height=\"141\" src=\"https:\/\/www.benarabi.org\/wp-content\/uploads\/2021\/03\/IMG_20210304_105647_51-250x141.jpg\" class=\"attachment-thumbnail size-thumbnail\" alt=\"\" srcset=\"https:\/\/www.benarabi.org\/wp-content\/uploads\/2021\/03\/IMG_20210304_105647_51-250x141.jpg 250w, https:\/\/www.benarabi.org\/wp-content\/uploads\/2021\/03\/IMG_20210304_105647_51-850x478.jpg 850w, https:\/\/www.benarabi.org\/wp-content\/uploads\/2021\/03\/IMG_20210304_105647_51-1200x675.jpg 1200w\" sizes=\"auto, (max-width: 250px) 100vw, 250px\" \/><\/a>\n\t\t\t<\/div><\/figure><figure class='gallery-item'>\n\t\t\t<div class='gallery-icon landscape'>\n\t\t\t\t<a href='https:\/\/www.benarabi.org\/?attachment_id=8194'><img loading=\"lazy\" decoding=\"async\" width=\"250\" height=\"141\" src=\"https:\/\/www.benarabi.org\/wp-content\/uploads\/2021\/03\/IMG_20210304_105709_6-250x141.jpg\" class=\"attachment-thumbnail size-thumbnail\" alt=\"\" srcset=\"https:\/\/www.benarabi.org\/wp-content\/uploads\/2021\/03\/IMG_20210304_105709_6-250x141.jpg 250w, https:\/\/www.benarabi.org\/wp-content\/uploads\/2021\/03\/IMG_20210304_105709_6-850x478.jpg 850w, https:\/\/www.benarabi.org\/wp-content\/uploads\/2021\/03\/IMG_20210304_105709_6-1200x675.jpg 1200w\" sizes=\"auto, (max-width: 250px) 100vw, 250px\" \/><\/a>\n\t\t\t<\/div><\/figure><figure class='gallery-item'>\n\t\t\t<div class='gallery-icon landscape'>\n\t\t\t\t<a href='https:\/\/www.benarabi.org\/?attachment_id=8195'><img loading=\"lazy\" decoding=\"async\" width=\"250\" height=\"141\" src=\"https:\/\/www.benarabi.org\/wp-content\/uploads\/2021\/03\/IMG_20210304_114319_6-250x141.jpg\" class=\"attachment-thumbnail size-thumbnail\" alt=\"\" srcset=\"https:\/\/www.benarabi.org\/wp-content\/uploads\/2021\/03\/IMG_20210304_114319_6-250x141.jpg 250w, https:\/\/www.benarabi.org\/wp-content\/uploads\/2021\/03\/IMG_20210304_114319_6-850x478.jpg 850w, https:\/\/www.benarabi.org\/wp-content\/uploads\/2021\/03\/IMG_20210304_114319_6-1200x675.jpg 1200w\" sizes=\"auto, (max-width: 250px) 100vw, 250px\" \/><\/a>\n\t\t\t<\/div><\/figure>\n\t\t<\/div>\n\n","protected":false},"excerpt":{"rendered":"<p>El jueves 4 de marzo, la Asociaci\u00f3n Espa\u00f1ola Contra el C\u00e1ncer (AECC) recibi\u00f3 el XXIII Premio Jacinto Alcaraz Mellado, que concede anualmente el instituto Ben Arab\u00ed a aquellas personas o instituciones que se hayan distinguido por su trabajo a favor de la solidaridad, tolerancia y convivencia en la Regi\u00f3n de Murcia. La Asociaci\u00f3n Espa\u00f1ola Contra [&hellip;]<\/p>\n","protected":false},"author":1,"featured_media":0,"comment_status":"closed","ping_status":"open","sticky":false,"template":"","format":"standard","meta":{"footnotes":""},"categories":[1],"tags":[],"class_list":["post-8190","post","type-post","status-publish","format-standard","hentry","category-sin-categoria"],"_links":{"self":[{"href":"https:\/\/www.benarabi.org\/index.php?rest_route=\/wp\/v2\/posts\/8190","targetHints":{"allow":["GET"]}}],"collection":[{"href":"https:\/\/www.benarabi.org\/index.php?rest_route=\/wp\/v2\/posts"}],"about":[{"href":"https:\/\/www.benarabi.org\/index.php?rest_route=\/wp\/v2\/types\/post"}],"author":[{"embeddable":true,"href":"https:\/\/www.benarabi.org\/index.php?rest_route=\/wp\/v2\/users\/1"}],"replies":[{"embeddable":true,"href":"https:\/\/www.benarabi.org\/index.php?rest_route=%2Fwp%2Fv2%2Fcomments&post=8190"}],"version-history":[{"count":9,"href":"https:\/\/www.benarabi.org\/index.php?rest_route=\/wp\/v2\/posts\/8190\/revisions"}],"predecessor-version":[{"id":9020,"href":"https:\/\/www.benarabi.org\/index.php?rest_route=\/wp\/v2\/posts\/8190\/revisions\/9020"}],"wp:attachment":[{"href":"https:\/\/www.benarabi.org\/index.php?rest_route=%2Fwp%2Fv2%2Fmedia&parent=8190"}],"wp:term":[{"taxonomy":"category","embeddable":true,"href":"https:\/\/www.benarabi.org\/index.php?rest_route=%2Fwp%2Fv2%2Fcategories&post=8190"},{"taxonomy":"post_tag","embeddable":true,"href":"https:\/\/www.benarabi.org\/index.php?rest_route=%2Fwp%2Fv2%2Ftags&post=8190"}],"curies":[{"name":"wp","href":"https:\/\/api.w.org\/{rel}","templated":true}]}}