{"id":8248,"date":"2021-03-17T11:30:09","date_gmt":"2021-03-17T10:30:09","guid":{"rendered":"http:\/\/www.benarabi.org\/?p=8248"},"modified":"2021-03-17T11:30:09","modified_gmt":"2021-03-17T10:30:09","slug":"presencialidad-total-de-los-alumnos-de-2o-bachillerato","status":"publish","type":"post","link":"https:\/\/www.benarabi.org\/?p=8248","title":{"rendered":"Presencialidad total de los alumnos de 2\u00ba Bachillerato"},"content":{"rendered":"<p style=\"text-align: justify;\"><img loading=\"lazy\" decoding=\"async\" class=\"alignleft wp-image-8249 size-full\" src=\"http:\/\/www.benarabi.org\/wp-content\/uploads\/2021\/03\/clases-presenciales2o-bach-e1615976997320.jpg\" alt=\"\" width=\"150\" height=\"80\" \/>Estimadas familias:<\/p>\n<p style=\"text-align: justify;\">Les informamos de que el lunes 15 de marzo se nos comunic\u00f3 que\u00a0a partir del pr\u00f3ximo <strong>Lunes 22 de marzo<\/strong>,\u00a0los alumnos de<strong> 2\u00ba de Bachillerato<\/strong>\u00a0asistir\u00e1n al centro diariamente, sin alternancia.<\/p>\n<p style=\"text-align: justify;\">\n<p style=\"text-align: justify;\">Desde la Consejer\u00eda consideran que procede comenzar la presencialidad total para el 2\u00ba curso de Bachillerato, dada la madurez de su alumnado, la relevancia de este curso como tr\u00e1nsito hacia las ense\u00f1anzas superiores y la reorganizaci\u00f3n de espacios que ha sido trasladada a la Consejer\u00eda por parte de cada centro.<\/p>\n<p style=\"text-align: justify;\">\n<p style=\"text-align: justify;\">La asistencia del alumnado de 2\u00ba de Bachillerato en los t\u00e9rminos indicados ser\u00e1 regulada mediante Orden a lo largo de esta semana, recogiendo las diferentes posibilidades organizativas que se han planteado a la Consejer\u00eda por parte de los centros educativos.<\/p>\n","protected":false},"excerpt":{"rendered":"<p>Estimadas familias: Les informamos de que el lunes 15 de marzo se nos comunic\u00f3 que\u00a0a partir del pr\u00f3ximo Lunes 22 de marzo,\u00a0los alumnos de 2\u00ba de Bachillerato\u00a0asistir\u00e1n al centro diariamente, sin alternancia. Desde la Consejer\u00eda consideran que procede comenzar la presencialidad total para el 2\u00ba curso de Bachillerato, dada la madurez de su alumnado, la [&hellip;]<\/p>\n","protected":false},"author":1,"featured_media":0,"comment_status":"closed","ping_status":"open","sticky":false,"template":"","format":"standard","meta":{"footnotes":""},"categories":[1],"tags":[],"class_list":["post-8248","post","type-post","status-publish","format-standard","hentry","category-sin-categoria"],"_links":{"self":[{"href":"https:\/\/www.benarabi.org\/index.php?rest_route=\/wp\/v2\/posts\/8248","targetHints":{"allow":["GET"]}}],"collection":[{"href":"https:\/\/www.benarabi.org\/index.php?rest_route=\/wp\/v2\/posts"}],"about":[{"href":"https:\/\/www.benarabi.org\/index.php?rest_route=\/wp\/v2\/types\/post"}],"author":[{"embeddable":true,"href":"https:\/\/www.benarabi.org\/index.php?rest_route=\/wp\/v2\/users\/1"}],"replies":[{"embeddable":true,"href":"https:\/\/www.benarabi.org\/index.php?rest_route=%2Fwp%2Fv2%2Fcomments&post=8248"}],"version-history":[{"count":1,"href":"https:\/\/www.benarabi.org\/index.php?rest_route=\/wp\/v2\/posts\/8248\/revisions"}],"predecessor-version":[{"id":8250,"href":"https:\/\/www.benarabi.org\/index.php?rest_route=\/wp\/v2\/posts\/8248\/revisions\/8250"}],"wp:attachment":[{"href":"https:\/\/www.benarabi.org\/index.php?rest_route=%2Fwp%2Fv2%2Fmedia&parent=8248"}],"wp:term":[{"taxonomy":"category","embeddable":true,"href":"https:\/\/www.benarabi.org\/index.php?rest_route=%2Fwp%2Fv2%2Fcategories&post=8248"},{"taxonomy":"post_tag","embeddable":true,"href":"https:\/\/www.benarabi.org\/index.php?rest_route=%2Fwp%2Fv2%2Ftags&post=8248"}],"curies":[{"name":"wp","href":"https:\/\/api.w.org\/{rel}","templated":true}]}}