{"id":8253,"date":"2021-03-23T12:12:00","date_gmt":"2021-03-23T11:12:00","guid":{"rendered":"http:\/\/www.benarabi.org\/?p=8253"},"modified":"2021-03-23T12:13:40","modified_gmt":"2021-03-23T11:13:40","slug":"publicacion-de-calificaciones-de-la-2a-evaluacion-y-vacaciones-de-semana-santa","status":"publish","type":"post","link":"https:\/\/www.benarabi.org\/?p=8253","title":{"rendered":"Publicaci\u00f3n de calificaciones de la 2\u00aa Evaluaci\u00f3n y Vacaciones de Semana Santa"},"content":{"rendered":"<p style=\"text-align: justify;\"><img loading=\"lazy\" decoding=\"async\" class=\"size-full alignleft\" src=\"http:\/\/www.benarabi.org\/wp-content\/uploads\/2019\/12\/entrega-boletines-e1576182993362.jpg\" width=\"150\" height=\"95\" \/>Estimadas familias:<\/p>\n<p style=\"text-align: justify;\">Os informamos que, desde el <strong>jueves 25 de marzo a las 10:00 h<\/strong>, los alumnos\/familias podr\u00e1n consultar las calificaciones correspondientes a la 2\u00aa evaluaci\u00f3n del alumnado de todos los niveles, a trav\u00e9s de la herramienta <strong><a href=\"https:\/\/mirador.murciaeduca.es\/mirador\/\" target=\"_blank\" rel=\"noopener\">Mirador<\/a>.\u00a0<\/strong> Tambi\u00e9n se podr\u00e1n consultar las calificaciones de las materias pendientes de cursos anteriores, si las hay.<\/p>\n<p style=\"text-align: justify;\">Los <strong>alumnos<\/strong> podr\u00e1n acceder a Mirador en la pesta\u00f1a \u201cacceso alumnos\u201d con el mismo usuario y contrase\u00f1a que usan para aula virtual.<\/p>\n<p style=\"text-align: justify;\">Las <strong>familias<\/strong> acceder\u00e1n con el \u201cacceso con DNI y NRE\u201d. En el apartado DNI se podr\u00e1 usar el de cualquiera de los padres y en el apartado NRE del alumno, en caso de desconocerlo, se podr\u00e1 usar el siguiente enlace https:\/\/ares.murciaeduca.es\/nre\/#\/home<\/p>\n<p style=\"text-align: justify;\">A partir del d\u00eda de la publicaci\u00f3n en Mirador, se establece un per\u00edodo de cinco d\u00edas lectivos (del <strong>6 al 12 de abril<\/strong>, inclusive) para posibles revisiones y reclamaciones de calificaciones. Si, tras la revisi\u00f3n, persistiese desacuerdo con la calificaci\u00f3n, se podr\u00e1 reclamar por escrito en Jefatura de estudios, siendo el \u00faltimo d\u00eda para poder presentar una reclamaci\u00f3n el 12 de abril a las 14:00 horas.<\/p>\n<p style=\"text-align: justify;\">Adem\u00e1s, les recordamos que el per\u00edodo de vacaciones de Semana Santa comprende del\u00a0<strong>\u00a026 de marzo al 5 de abril<\/strong>, ambos inclusive.<\/p>\n<p style=\"text-align: justify;\">El <strong>martes 6 de abril<\/strong> comenzar\u00e1n las clases en su horario habitual y con los nuevos turnos de <strong>semipresencialidad:<\/strong><\/p>\n<ul style=\"text-align: justify;\">\n<li>Alumnos de 1\u00ba y 2\u00ba de ESO: Se modifica el d\u00eda que no asisten, desplaz\u00e1ndose al d\u00eda siguiente. De modo que los que no han asistido los lunes durante la 2\u00aa evaluaci\u00f3n, no asistir\u00e1n el martes a partir del 6 de abril, y as\u00ed sucesivamente.<\/li>\n<li>Los alumnos de 3\u00ba de ESO en adelante, continuar\u00e1n como hasta ahora, de modo que el subgrupo 2,\u00a0 que asiste lunes, mi\u00e9rcoles, y viernes la semana del 23 de marzo, asistir\u00e1 martes y jueves la semana del 6 de abril.<\/li>\n<\/ul>\n<p style=\"text-align: justify;\">\u00a1\u00a1Os deseamos unas Felices Vacaciones!!<\/p>\n<p style=\"text-align: justify;\">Atentamente, el Equipo Directivo<\/p>\n","protected":false},"excerpt":{"rendered":"<p>Estimadas familias: Os informamos que, desde el jueves 25 de marzo a las 10:00 h, los alumnos\/familias podr\u00e1n consultar las calificaciones correspondientes a la 2\u00aa evaluaci\u00f3n del alumnado de todos los niveles, a trav\u00e9s de la herramienta Mirador.\u00a0 Tambi\u00e9n se podr\u00e1n consultar las calificaciones de las materias pendientes de cursos anteriores, si las hay. Los [&hellip;]<\/p>\n","protected":false},"author":1,"featured_media":0,"comment_status":"closed","ping_status":"open","sticky":false,"template":"","format":"standard","meta":{"footnotes":""},"categories":[1],"tags":[],"class_list":["post-8253","post","type-post","status-publish","format-standard","hentry","category-sin-categoria"],"_links":{"self":[{"href":"https:\/\/www.benarabi.org\/index.php?rest_route=\/wp\/v2\/posts\/8253","targetHints":{"allow":["GET"]}}],"collection":[{"href":"https:\/\/www.benarabi.org\/index.php?rest_route=\/wp\/v2\/posts"}],"about":[{"href":"https:\/\/www.benarabi.org\/index.php?rest_route=\/wp\/v2\/types\/post"}],"author":[{"embeddable":true,"href":"https:\/\/www.benarabi.org\/index.php?rest_route=\/wp\/v2\/users\/1"}],"replies":[{"embeddable":true,"href":"https:\/\/www.benarabi.org\/index.php?rest_route=%2Fwp%2Fv2%2Fcomments&post=8253"}],"version-history":[{"count":1,"href":"https:\/\/www.benarabi.org\/index.php?rest_route=\/wp\/v2\/posts\/8253\/revisions"}],"predecessor-version":[{"id":8254,"href":"https:\/\/www.benarabi.org\/index.php?rest_route=\/wp\/v2\/posts\/8253\/revisions\/8254"}],"wp:attachment":[{"href":"https:\/\/www.benarabi.org\/index.php?rest_route=%2Fwp%2Fv2%2Fmedia&parent=8253"}],"wp:term":[{"taxonomy":"category","embeddable":true,"href":"https:\/\/www.benarabi.org\/index.php?rest_route=%2Fwp%2Fv2%2Fcategories&post=8253"},{"taxonomy":"post_tag","embeddable":true,"href":"https:\/\/www.benarabi.org\/index.php?rest_route=%2Fwp%2Fv2%2Ftags&post=8253"}],"curies":[{"name":"wp","href":"https:\/\/api.w.org\/{rel}","templated":true}]}}