{"id":8356,"date":"2021-06-07T21:18:56","date_gmt":"2021-06-07T19:18:56","guid":{"rendered":"https:\/\/www.benarabi.org\/?p=8356"},"modified":"2021-06-16T10:18:40","modified_gmt":"2021-06-16T08:18:40","slug":"visita-guiada-virtual-por-el-ies-ben-arabi","status":"publish","type":"post","link":"https:\/\/www.benarabi.org\/?p=8356","title":{"rendered":"Visita guiada virtual por el IES Ben Arabi"},"content":{"rendered":"<p style=\"text-align: justify;\"><img loading=\"lazy\" decoding=\"async\" class=\"alignleft wp-image-8357 size-full\" src=\"https:\/\/www.benarabi.org\/wp-content\/uploads\/2021\/06\/2020-BEN-ARABI-12-e1623093330170.jpg\" alt=\"\" width=\"150\" height=\"100\" \/>El martes 8 de junio, el IES Ben Arabi ha programado,\u00a0 a trav\u00e9s de la plataforma Meet de Google, una visita virtual del centro con los colegios de primaria adscritos.<\/p>\n<p style=\"text-align: justify;\">Esta actuaci\u00f3n est\u00e1 enmarcada dentro del Plan de Coordinaci\u00f3n del IES Ben Arabi con los colegios adscritos al instituto.<\/p>\n<p style=\"text-align: justify;\">En a\u00f1os anteriores, los alumnos de 6\u00ba primaria procedentes de los colegios adscritos visitaban nuestras instalaciones a lo\u00a0 largo de una ma\u00f1ana. En esta ocasi\u00f3n, debido a las medidas sanitarias establecidas por las Consejer\u00edas de Educaci\u00f3n y Sanidad, hemos decidido sustituir la visita presencial por una visita virtual guiada.<\/p>\n<p style=\"text-align: justify;\">Durante la visita, los alumnos conocer\u00e1n al equipo directivo y podr\u00e1n preguntar todas sus dudas e inquietudes. Adem\u00e1s podr\u00e1n conocer el instituto ya que se ha elaborado un video en el que se recorren todas nuestras dependencias siendo los alumnos de 1\u00ba ESO sus protagonistas.<\/p>\n<p style=\"text-align: justify;\">El objetivo fundamental de esta acci\u00f3n es acercar nuestro instituto a los alumnos de 6\u00ba que el pr\u00f3ximo curso se encontrar\u00e1n matriculados en 1\u00ba ESO.<\/p>\n<p style=\"text-align: justify;\">Una acci\u00f3n m\u00e1s, entre otras, que consideramos facilitan la transici\u00f3n desde la Educaci\u00f3n Primaria a la Educaci\u00f3n Secundaria Obligatoria.<\/p>\n<p style=\"text-align: justify;\">Para que todas las familias puedan conocer nuestras instalaciones, personal,\u2026 dejamos el enlace al video de la visita virtual, pueden acceder <a href=\"https:\/\/youtu.be\/YTMfXd-o3BA\" target=\"_blank\" rel=\"noopener\">pinchando aqu\u00ed<\/a>.<\/p>\n<p><iframe loading=\"lazy\" title=\"VISITA AL IES BEN ARAB\u00cd\" width=\"830\" height=\"467\" src=\"https:\/\/www.youtube.com\/embed\/YTMfXd-o3BA?feature=oembed\" frameborder=\"0\" allow=\"accelerometer; autoplay; clipboard-write; encrypted-media; gyroscope; picture-in-picture\" allowfullscreen><\/iframe><\/p>\n","protected":false},"excerpt":{"rendered":"<p>El martes 8 de junio, el IES Ben Arabi ha programado,\u00a0 a trav\u00e9s de la plataforma Meet de Google, una visita virtual del centro con los colegios de primaria adscritos. Esta actuaci\u00f3n est\u00e1 enmarcada dentro del Plan de Coordinaci\u00f3n del IES Ben Arabi con los colegios adscritos al instituto. En a\u00f1os anteriores, los alumnos de [&hellip;]<\/p>\n","protected":false},"author":1,"featured_media":0,"comment_status":"closed","ping_status":"open","sticky":false,"template":"","format":"standard","meta":{"footnotes":""},"categories":[1],"tags":[],"class_list":["post-8356","post","type-post","status-publish","format-standard","hentry","category-sin-categoria"],"_links":{"self":[{"href":"https:\/\/www.benarabi.org\/index.php?rest_route=\/wp\/v2\/posts\/8356","targetHints":{"allow":["GET"]}}],"collection":[{"href":"https:\/\/www.benarabi.org\/index.php?rest_route=\/wp\/v2\/posts"}],"about":[{"href":"https:\/\/www.benarabi.org\/index.php?rest_route=\/wp\/v2\/types\/post"}],"author":[{"embeddable":true,"href":"https:\/\/www.benarabi.org\/index.php?rest_route=\/wp\/v2\/users\/1"}],"replies":[{"embeddable":true,"href":"https:\/\/www.benarabi.org\/index.php?rest_route=%2Fwp%2Fv2%2Fcomments&post=8356"}],"version-history":[{"count":3,"href":"https:\/\/www.benarabi.org\/index.php?rest_route=\/wp\/v2\/posts\/8356\/revisions"}],"predecessor-version":[{"id":8360,"href":"https:\/\/www.benarabi.org\/index.php?rest_route=\/wp\/v2\/posts\/8356\/revisions\/8360"}],"wp:attachment":[{"href":"https:\/\/www.benarabi.org\/index.php?rest_route=%2Fwp%2Fv2%2Fmedia&parent=8356"}],"wp:term":[{"taxonomy":"category","embeddable":true,"href":"https:\/\/www.benarabi.org\/index.php?rest_route=%2Fwp%2Fv2%2Fcategories&post=8356"},{"taxonomy":"post_tag","embeddable":true,"href":"https:\/\/www.benarabi.org\/index.php?rest_route=%2Fwp%2Fv2%2Ftags&post=8356"}],"curies":[{"name":"wp","href":"https:\/\/api.w.org\/{rel}","templated":true}]}}