{"id":8383,"date":"2021-06-16T09:58:56","date_gmt":"2021-06-16T07:58:56","guid":{"rendered":"https:\/\/www.benarabi.org\/?p=8383"},"modified":"2021-06-16T10:07:21","modified_gmt":"2021-06-16T08:07:21","slug":"publicacion-de-calificaciones-de-la-3a-evaluacion-y-final-a-traves-de-mirador","status":"publish","type":"post","link":"https:\/\/www.benarabi.org\/?p=8383","title":{"rendered":"Publicaci\u00f3n de calificaciones de la 3\u00aa evaluaci\u00f3n y final a trav\u00e9s de Mirador"},"content":{"rendered":"<p style=\"text-align: justify;\"><img loading=\"lazy\" decoding=\"async\" class=\"size-full alignleft\" src=\"http:\/\/www.benarabi.org\/wp-content\/uploads\/2019\/06\/calificaciones-e1561495793146.jpg\" width=\"150\" height=\"84\" \/>Estimadas familias:<\/p>\n<p>Siguiendo instrucciones de la Direcci\u00f3n General de Evaluaci\u00f3n Educativa y Formaci\u00f3n Profesional y teniendo en cuenta la autonom\u00eda de los centros, les informamos que conforme vayan finalizando las sesiones de evaluaci\u00f3n (desde el mi\u00e9rcoles <strong>16 al viernes al 18 de junio)<\/strong> se podr\u00e1n consultar los resultados de las calificaciones de la 3\u00aa evaluaci\u00f3n y evaluaci\u00f3n final de sus hijos, a trav\u00e9s de la herramienta Mirador. Si quieres ver el calendario <a href=\"https:\/\/www.benarabi.org\/wp-content\/uploads\/2021\/06\/Calendario-Sesiones-de-evaluacion.pdf\">pincha aqu\u00ed<\/a>.<\/p>\n<p>Les recordamos que para acceder a Mirador deben\u00a0<a href=\"https:\/\/mirador.murciaeduca.es\/mirador\/\" target=\"_blank\" rel=\"noopener\">pinchar aqu\u00ed.<\/a><\/p>\n<p style=\"text-align: justify;\">Los padres deber\u00e1n elegir el \u201cacceso DNI y NRE\u201d, donde se les pedir\u00e1 el DNI de uno de los padres y el NRE del alumno.<\/p>\n<p style=\"text-align: justify;\">Los alumnos deber\u00e1n elegir el \u201cacceso alumnos\u201d, donde se les pedir\u00e1 su NRE y la contrase\u00f1a que habitualmente usan para acceder a Aula XXI.<\/p>\n<p style=\"text-align: justify;\">Si no conocen el NRE del alumno, pueden obtenerlo\u00a0<a href=\"http:\/\/ares.murciaeduca.es\/nre\/#\/home\" target=\"_blank\" rel=\"noopener\">pinchando aqu\u00ed<\/a>.<\/p>\n<p style=\"text-align: justify;\">A partir del d\u00eda de la publicaci\u00f3n en Mirador, se establece un per\u00edodo de cinco d\u00edas lectivos para posibles revisiones y <strong>reclamaciones<\/strong> de calificaciones. Si, tras la revisi\u00f3n, persistiese desacuerdo con la calificaci\u00f3n, se podr\u00e1 reclamar por escrito en Jefatura de estudios.<\/p>\n<p style=\"text-align: justify;\">Durante los d\u00edas 1 y 2 de septiembre se realizar\u00e1n las pruebas extraordinarias para aquellos alumnos con asignaturas suspensas. Dichos alumnos podr\u00e1n consultar en el aula virtual del tutor el <strong>plan de recuperaci\u00f3n de verano <\/strong>que incluye las indicaciones espec\u00edficas y concretas de c\u00f3mo preparar las pruebas de septiembre de cada una de las materias.<\/p>\n<p>Durante el mes de julio se publicar\u00e1 el calendario de las pruebas de septiembre.<\/p>\n<p>El Equipo Directivo del IES Ben Arab\u00ed.<\/p>\n","protected":false},"excerpt":{"rendered":"<p>Estimadas familias: Siguiendo instrucciones de la Direcci\u00f3n General de Evaluaci\u00f3n Educativa y Formaci\u00f3n Profesional y teniendo en cuenta la autonom\u00eda de los centros, les informamos que conforme vayan finalizando las sesiones de evaluaci\u00f3n (desde el mi\u00e9rcoles 16 al viernes al 18 de junio) se podr\u00e1n consultar los resultados de las calificaciones de la 3\u00aa evaluaci\u00f3n [&hellip;]<\/p>\n","protected":false},"author":1,"featured_media":0,"comment_status":"closed","ping_status":"open","sticky":false,"template":"","format":"standard","meta":{"footnotes":""},"categories":[1],"tags":[],"class_list":["post-8383","post","type-post","status-publish","format-standard","hentry","category-sin-categoria"],"_links":{"self":[{"href":"https:\/\/www.benarabi.org\/index.php?rest_route=\/wp\/v2\/posts\/8383","targetHints":{"allow":["GET"]}}],"collection":[{"href":"https:\/\/www.benarabi.org\/index.php?rest_route=\/wp\/v2\/posts"}],"about":[{"href":"https:\/\/www.benarabi.org\/index.php?rest_route=\/wp\/v2\/types\/post"}],"author":[{"embeddable":true,"href":"https:\/\/www.benarabi.org\/index.php?rest_route=\/wp\/v2\/users\/1"}],"replies":[{"embeddable":true,"href":"https:\/\/www.benarabi.org\/index.php?rest_route=%2Fwp%2Fv2%2Fcomments&post=8383"}],"version-history":[{"count":6,"href":"https:\/\/www.benarabi.org\/index.php?rest_route=\/wp\/v2\/posts\/8383\/revisions"}],"predecessor-version":[{"id":8386,"href":"https:\/\/www.benarabi.org\/index.php?rest_route=\/wp\/v2\/posts\/8383\/revisions\/8386"}],"wp:attachment":[{"href":"https:\/\/www.benarabi.org\/index.php?rest_route=%2Fwp%2Fv2%2Fmedia&parent=8383"}],"wp:term":[{"taxonomy":"category","embeddable":true,"href":"https:\/\/www.benarabi.org\/index.php?rest_route=%2Fwp%2Fv2%2Fcategories&post=8383"},{"taxonomy":"post_tag","embeddable":true,"href":"https:\/\/www.benarabi.org\/index.php?rest_route=%2Fwp%2Fv2%2Ftags&post=8383"}],"curies":[{"name":"wp","href":"https:\/\/api.w.org\/{rel}","templated":true}]}}