{"id":8394,"date":"2021-06-30T09:55:05","date_gmt":"2021-06-30T07:55:05","guid":{"rendered":"https:\/\/www.benarabi.org\/?p=8394"},"modified":"2021-09-05T09:50:39","modified_gmt":"2021-09-05T07:50:39","slug":"8394","status":"publish","type":"post","link":"https:\/\/www.benarabi.org\/?p=8394","title":{"rendered":"Ex\u00e1menes de septiembre y Plan de recuperaci\u00f3n de verano 2021"},"content":{"rendered":"<p><img loading=\"lazy\" decoding=\"async\" class=\"size-full alignleft\" src=\"https:\/\/www.benarabi.org\/wp-content\/uploads\/2020\/07\/Septiembre_examenes-e1593705376538.jpg\" width=\"150\" height=\"115\" \/><\/p>\n<p style=\"text-align: justify;\">Durante los <strong>d\u00edas 1 y 2 de septiembre<\/strong>, se llevar\u00e1n a cabo las pruebas extraordinarias para aquellos alumnos con asignaturas suspensas.<\/p>\n<p style=\"text-align: justify;\">Todo el alumnado tiene disponible, en aula virtual de su tutor, el <strong><u>Plan de recuperaci\u00f3n de verano<\/u><\/strong>, \u00a0que incluye las indicaciones espec\u00edficas y concretas de c\u00f3mo preparar los ex\u00e1menes de septiembre de cada una de las asignaturas.<\/p>\n<p style=\"text-align: justify;\">Si quieres ver el\u00a0<strong>calendario detallado de ex\u00e1menes de septiembre<\/strong>, <a href=\"https:\/\/www.benarabi.org\/wp-content\/uploads\/2021\/06\/CALENDARIO-SEPT-21-ESO-Y-BAC_-1.docx\">pincha aqu\u00ed<\/a>.<\/p>\n<p style=\"text-align: justify;\">(Este calendario podr\u00e1 sufrir alguna variaci\u00f3n dependiendo de la situaci\u00f3n sanitaria en la que nos encontremos y en cualquier caso, se avisar\u00e1 con antelaci\u00f3n).<\/p>\n<p style=\"text-align: justify;\"><strong>Las aulas establecidas para cada examen son las propias de cada DEPARTAMENTO, que se ir\u00e1n ocupando estableciendo la distancia de seguridad entre los alumnos.<\/strong><\/p>\n","protected":false},"excerpt":{"rendered":"<p>Durante los d\u00edas 1 y 2 de septiembre, se llevar\u00e1n a cabo las pruebas extraordinarias para aquellos alumnos con asignaturas suspensas. Todo el alumnado tiene disponible, en aula virtual de su tutor, el Plan de recuperaci\u00f3n de verano, \u00a0que incluye las indicaciones espec\u00edficas y concretas de c\u00f3mo preparar los ex\u00e1menes de septiembre de cada una [&hellip;]<\/p>\n","protected":false},"author":1,"featured_media":0,"comment_status":"closed","ping_status":"open","sticky":false,"template":"","format":"standard","meta":{"footnotes":""},"categories":[1],"tags":[],"class_list":["post-8394","post","type-post","status-publish","format-standard","hentry","category-sin-categoria"],"_links":{"self":[{"href":"https:\/\/www.benarabi.org\/index.php?rest_route=\/wp\/v2\/posts\/8394","targetHints":{"allow":["GET"]}}],"collection":[{"href":"https:\/\/www.benarabi.org\/index.php?rest_route=\/wp\/v2\/posts"}],"about":[{"href":"https:\/\/www.benarabi.org\/index.php?rest_route=\/wp\/v2\/types\/post"}],"author":[{"embeddable":true,"href":"https:\/\/www.benarabi.org\/index.php?rest_route=\/wp\/v2\/users\/1"}],"replies":[{"embeddable":true,"href":"https:\/\/www.benarabi.org\/index.php?rest_route=%2Fwp%2Fv2%2Fcomments&post=8394"}],"version-history":[{"count":2,"href":"https:\/\/www.benarabi.org\/index.php?rest_route=\/wp\/v2\/posts\/8394\/revisions"}],"predecessor-version":[{"id":8398,"href":"https:\/\/www.benarabi.org\/index.php?rest_route=\/wp\/v2\/posts\/8394\/revisions\/8398"}],"wp:attachment":[{"href":"https:\/\/www.benarabi.org\/index.php?rest_route=%2Fwp%2Fv2%2Fmedia&parent=8394"}],"wp:term":[{"taxonomy":"category","embeddable":true,"href":"https:\/\/www.benarabi.org\/index.php?rest_route=%2Fwp%2Fv2%2Fcategories&post=8394"},{"taxonomy":"post_tag","embeddable":true,"href":"https:\/\/www.benarabi.org\/index.php?rest_route=%2Fwp%2Fv2%2Ftags&post=8394"}],"curies":[{"name":"wp","href":"https:\/\/api.w.org\/{rel}","templated":true}]}}