{"id":8662,"date":"2021-10-28T10:04:15","date_gmt":"2021-10-28T08:04:15","guid":{"rendered":"https:\/\/www.benarabi.org\/?p=8662"},"modified":"2021-11-09T09:44:24","modified_gmt":"2021-11-09T08:44:24","slug":"salida-de-los-alumnos-de-frances-al-centro-cultural-ramon-afonso-luzzy","status":"publish","type":"post","link":"https:\/\/www.benarabi.org\/?p=8662","title":{"rendered":"Salida de los alumnos de franc\u00e9s al Centro Cultural Ram\u00f3n Alonso Luzzy"},"content":{"rendered":"<p style=\"text-align: justify;\"><img loading=\"lazy\" decoding=\"async\" class=\"alignleft wp-image-8665 size-full\" src=\"https:\/\/www.benarabi.org\/wp-content\/uploads\/2021\/10\/dd359943-2627-4098-9fe9-1154af90ee9b-e1635408240687.jpg\" alt=\"\" width=\"150\" height=\"113\" \/>Los alumnos de la Secci\u00f3n Pluriling\u00fce del IES \u201cBen Arab\u00ed\u201d han asistido a la proyecci\u00f3n de una pel\u00edcula en V.O. organizada por la Alianza Francesa de Cartagena en el Centro Cultural \u201cRam\u00f3n Alonso Luzzy\u201d, los d\u00edas 21, 25 y 27 de octubre.<\/p>\n<p style=\"text-align: justify;\"><strong>\u201cMinga et la cuill\u00e8re cass\u00e9e\u201d<\/strong>, proyectada para 1\u00ba y 2\u00ba de la ESO y dirigida por Claye Edou (Camer\u00fan), es una adaptaci\u00f3n libre, en \u00a0forma de comedia musical,\u00a0 de un cuento camerun\u00e9s muy c\u00e9lebre en este pa\u00eds, y en el que la magia, las tradiciones y los valores africanos est\u00e1n presentes a lo largo de toda la pel\u00edcula.<\/p>\n<p style=\"text-align: justify;\"><strong>\u201cPolina, danser sa vie\u201d<\/strong>, visionada para 3\u00ba y 4\u00ba de la ESO, es una pel\u00edcula francesa dirigida por Angelin Preljocaj . Adapatdo del c\u00f3mic de Bastien Viv\u00e8s, este largometraje est\u00e1 basado en la vida de Polina, una bailarina de la ex Uni\u00f3n Sovi\u00e9tica que antepone su libertad a su destino.<\/p>\n<p style=\"text-align: justify;\">Los niveles de 1\u00ba y 2\u00ba de Bachibac pudieron disfrutar de <strong>\u201cUn vrai bonhomme\u201d<\/strong>, una comedia dram\u00e1tica francesa dirigida por Benjamin\u00a0Parent que cuenta la historia de Tom, un adolescente t\u00edmido y sensible que llega nuevo a un instituto. El hermano mayor de Tom, L\u00e9o, \u00a0se empe\u00f1a en cambiar el car\u00e1cter de su hermano peque\u00f1o para hacerlo m\u00e1s duro, convirti\u00e9ndose en una influencia t\u00f3xica para \u00e9l. Tom batallar\u00e1 para apartarse del objetivo de su hermano y encontrar \u00a0su propio camino.<\/p>\n<div id='gallery-1' class='gallery galleryid-8662 gallery-columns-3 gallery-size-thumbnail'><figure class='gallery-item'>\n\t\t\t<div class='gallery-icon landscape'>\n\t\t\t\t<a href='https:\/\/www.benarabi.org\/?attachment_id=8663'><img loading=\"lazy\" decoding=\"async\" width=\"250\" height=\"141\" src=\"https:\/\/www.benarabi.org\/wp-content\/uploads\/2021\/10\/0532d58a-ee41-425d-9107-e7fbe28354b7-250x141.jpg\" class=\"attachment-thumbnail size-thumbnail\" alt=\"\" srcset=\"https:\/\/www.benarabi.org\/wp-content\/uploads\/2021\/10\/0532d58a-ee41-425d-9107-e7fbe28354b7-250x141.jpg 250w, https:\/\/www.benarabi.org\/wp-content\/uploads\/2021\/10\/0532d58a-ee41-425d-9107-e7fbe28354b7-850x478.jpg 850w, https:\/\/www.benarabi.org\/wp-content\/uploads\/2021\/10\/0532d58a-ee41-425d-9107-e7fbe28354b7-1200x675.jpg 1200w\" sizes=\"auto, (max-width: 250px) 100vw, 250px\" \/><\/a>\n\t\t\t<\/div><\/figure><figure class='gallery-item'>\n\t\t\t<div class='gallery-icon landscape'>\n\t\t\t\t<a href='https:\/\/www.benarabi.org\/?attachment_id=8664'><img loading=\"lazy\" decoding=\"async\" width=\"250\" height=\"141\" src=\"https:\/\/www.benarabi.org\/wp-content\/uploads\/2021\/10\/f21c172e-7577-431e-b851-a88f151b3723-250x141.jpg\" class=\"attachment-thumbnail size-thumbnail\" alt=\"\" srcset=\"https:\/\/www.benarabi.org\/wp-content\/uploads\/2021\/10\/f21c172e-7577-431e-b851-a88f151b3723-250x141.jpg 250w, https:\/\/www.benarabi.org\/wp-content\/uploads\/2021\/10\/f21c172e-7577-431e-b851-a88f151b3723-850x478.jpg 850w\" sizes=\"auto, (max-width: 250px) 100vw, 250px\" \/><\/a>\n\t\t\t<\/div><\/figure><figure class='gallery-item'>\n\t\t\t<div class='gallery-icon landscape'>\n\t\t\t\t<a href='https:\/\/www.benarabi.org\/?attachment_id=8665'><img loading=\"lazy\" decoding=\"async\" width=\"250\" height=\"141\" src=\"https:\/\/www.benarabi.org\/wp-content\/uploads\/2021\/10\/dd359943-2627-4098-9fe9-1154af90ee9b-250x141.jpg\" class=\"attachment-thumbnail size-thumbnail\" alt=\"\" srcset=\"https:\/\/www.benarabi.org\/wp-content\/uploads\/2021\/10\/dd359943-2627-4098-9fe9-1154af90ee9b-250x141.jpg 250w, https:\/\/www.benarabi.org\/wp-content\/uploads\/2021\/10\/dd359943-2627-4098-9fe9-1154af90ee9b-850x478.jpg 850w, https:\/\/www.benarabi.org\/wp-content\/uploads\/2021\/10\/dd359943-2627-4098-9fe9-1154af90ee9b-1200x675.jpg 1200w\" sizes=\"auto, (max-width: 250px) 100vw, 250px\" \/><\/a>\n\t\t\t<\/div><\/figure>\n\t\t<\/div>\n\n","protected":false},"excerpt":{"rendered":"<p>Los alumnos de la Secci\u00f3n Pluriling\u00fce del IES \u201cBen Arab\u00ed\u201d han asistido a la proyecci\u00f3n de una pel\u00edcula en V.O. organizada por la Alianza Francesa de Cartagena en el Centro Cultural \u201cRam\u00f3n Alonso Luzzy\u201d, los d\u00edas 21, 25 y 27 de octubre. \u201cMinga et la cuill\u00e8re cass\u00e9e\u201d, proyectada para 1\u00ba y 2\u00ba de la ESO [&hellip;]<\/p>\n","protected":false},"author":1,"featured_media":0,"comment_status":"closed","ping_status":"open","sticky":false,"template":"","format":"standard","meta":{"footnotes":""},"categories":[1],"tags":[],"class_list":["post-8662","post","type-post","status-publish","format-standard","hentry","category-sin-categoria"],"_links":{"self":[{"href":"https:\/\/www.benarabi.org\/index.php?rest_route=\/wp\/v2\/posts\/8662","targetHints":{"allow":["GET"]}}],"collection":[{"href":"https:\/\/www.benarabi.org\/index.php?rest_route=\/wp\/v2\/posts"}],"about":[{"href":"https:\/\/www.benarabi.org\/index.php?rest_route=\/wp\/v2\/types\/post"}],"author":[{"embeddable":true,"href":"https:\/\/www.benarabi.org\/index.php?rest_route=\/wp\/v2\/users\/1"}],"replies":[{"embeddable":true,"href":"https:\/\/www.benarabi.org\/index.php?rest_route=%2Fwp%2Fv2%2Fcomments&post=8662"}],"version-history":[{"count":2,"href":"https:\/\/www.benarabi.org\/index.php?rest_route=\/wp\/v2\/posts\/8662\/revisions"}],"predecessor-version":[{"id":8869,"href":"https:\/\/www.benarabi.org\/index.php?rest_route=\/wp\/v2\/posts\/8662\/revisions\/8869"}],"wp:attachment":[{"href":"https:\/\/www.benarabi.org\/index.php?rest_route=%2Fwp%2Fv2%2Fmedia&parent=8662"}],"wp:term":[{"taxonomy":"category","embeddable":true,"href":"https:\/\/www.benarabi.org\/index.php?rest_route=%2Fwp%2Fv2%2Fcategories&post=8662"},{"taxonomy":"post_tag","embeddable":true,"href":"https:\/\/www.benarabi.org\/index.php?rest_route=%2Fwp%2Fv2%2Ftags&post=8662"}],"curies":[{"name":"wp","href":"https:\/\/api.w.org\/{rel}","templated":true}]}}