{"id":8866,"date":"2021-11-09T09:42:44","date_gmt":"2021-11-09T08:42:44","guid":{"rendered":"https:\/\/www.benarabi.org\/?p=8866"},"modified":"2021-11-09T09:43:28","modified_gmt":"2021-11-09T08:43:28","slug":"nuestros-alumnos-participan-en-la-i-conferencia-fem-jovenes-investigadores-21-22","status":"publish","type":"post","link":"https:\/\/www.benarabi.org\/?p=8866","title":{"rendered":"Nuestros alumnos participan en la I Conferencia FEM-J\u00f3venes\u00a0Investigadores 21-22"},"content":{"rendered":"<p><img loading=\"lazy\" decoding=\"async\" class=\"size-full wp-image-8867 alignleft\" src=\"https:\/\/www.benarabi.org\/wp-content\/uploads\/2021\/11\/CARTEL-1o-CONFERENCIA-FEM-CON-LOGO-CONSEJERIA-e1636447336126.jpg\" alt=\"\" width=\"150\" height=\"241\" \/><\/p>\n<p style=\"text-align: justify;\">El pasado viernes 8 de octubre, los alumnos de 4\u00ba ESO pudieron asistir a la videoconferencia de t\u00edtulo: <strong>\u00ab\u00a1Expedici\u00f3n al futuro! Tecnolog\u00edas que cambiar\u00e1n nuestras\u00a0vidas\u00bb<\/strong>,\u00a0que corri\u00f3 a cargo del\u00a0\u00a0prestigioso Dr. Amador Men\u00e9ndez Vel\u00e1zquez.<\/p>\n<p style=\"text-align: justify;\">Esta charla est\u00e1 incluida dentro del Ciclo de Conferencias del programa educativo\u00a0 FEM-J\u00f3venes Investigadores, organizadas desde el Servicio de Programas Educativos, de la Direcci\u00f3n General de Formaci\u00f3n Profesional e Innovaci\u00f3n de la Consejer\u00eda de Educaci\u00f3n y Cultura, en colaboraci\u00f3n con la Fundaci\u00f3n de Estudios M\u00e9dicos (FEM) de Molina de Segura.<\/p>\n<p style=\"text-align: justify;\">Se trata de conferencias cient\u00edficas para dar difusi\u00f3n de los avances cient\u00edficos y m\u00e9dicos al alumnado que cursa la Educaci\u00f3n Secundaria en la Regi\u00f3n de Murcia.<\/p>\n<p style=\"text-align: justify;\">Nuestro centro fue seleccionado para poder participar en la I Conferencia FEM- J\u00f3venes Investigadores de este curso.<\/p>\n<p style=\"text-align: justify;\">Una conferencia muy interesante ya que de la mano de este importante investigador y divulgador cient\u00edfico nos pudimos asomar al futuro para contemplar algunas tecnolog\u00edas emergentes que ya comienzan a formar parte de nuestras vidas o lo har\u00e1n en breve.<\/p>\n<p style=\"text-align: justify;\">Nos encontraremos con bombillas que imitan al Sol, ventanas fotoel\u00e9ctricas que atrapan la luz solar para convertirla en electricidad, coches inteligentes que se\u00a0autoconducen\u00a0o nuevas tendencias en bi\u00f3nica, entre otros grandes t\u00f3picos candentes en la actualidad.<\/p>\n<p style=\"text-align: justify;\">Esta charla nos ha ofrecido una visi\u00f3n hol\u00edstica y global de la tecnolog\u00eda y su consiguiente impacto en la sociedad; nos ha presentado diferentes tecnolog\u00edas emergentes que el autor ha podido conocer de primera mano en lugares tan emblem\u00e1ticos como el prestigioso Instituto Tecnol\u00f3gico de Massachusetts (MIT).<\/p>\n<p style=\"text-align: justify;\">\u00a1\u00a1Gracias al departamento de Matem\u00e1ticas por programar esta interesante actividad!!<\/p>\n","protected":false},"excerpt":{"rendered":"<p>El pasado viernes 8 de octubre, los alumnos de 4\u00ba ESO pudieron asistir a la videoconferencia de t\u00edtulo: \u00ab\u00a1Expedici\u00f3n al futuro! Tecnolog\u00edas que cambiar\u00e1n nuestras\u00a0vidas\u00bb,\u00a0que corri\u00f3 a cargo del\u00a0\u00a0prestigioso Dr. Amador Men\u00e9ndez Vel\u00e1zquez. Esta charla est\u00e1 incluida dentro del Ciclo de Conferencias del programa educativo\u00a0 FEM-J\u00f3venes Investigadores, organizadas desde el Servicio de Programas Educativos, de [&hellip;]<\/p>\n","protected":false},"author":1,"featured_media":0,"comment_status":"closed","ping_status":"open","sticky":false,"template":"","format":"standard","meta":{"footnotes":""},"categories":[1],"tags":[],"class_list":["post-8866","post","type-post","status-publish","format-standard","hentry","category-sin-categoria"],"_links":{"self":[{"href":"https:\/\/www.benarabi.org\/index.php?rest_route=\/wp\/v2\/posts\/8866","targetHints":{"allow":["GET"]}}],"collection":[{"href":"https:\/\/www.benarabi.org\/index.php?rest_route=\/wp\/v2\/posts"}],"about":[{"href":"https:\/\/www.benarabi.org\/index.php?rest_route=\/wp\/v2\/types\/post"}],"author":[{"embeddable":true,"href":"https:\/\/www.benarabi.org\/index.php?rest_route=\/wp\/v2\/users\/1"}],"replies":[{"embeddable":true,"href":"https:\/\/www.benarabi.org\/index.php?rest_route=%2Fwp%2Fv2%2Fcomments&post=8866"}],"version-history":[{"count":1,"href":"https:\/\/www.benarabi.org\/index.php?rest_route=\/wp\/v2\/posts\/8866\/revisions"}],"predecessor-version":[{"id":8868,"href":"https:\/\/www.benarabi.org\/index.php?rest_route=\/wp\/v2\/posts\/8866\/revisions\/8868"}],"wp:attachment":[{"href":"https:\/\/www.benarabi.org\/index.php?rest_route=%2Fwp%2Fv2%2Fmedia&parent=8866"}],"wp:term":[{"taxonomy":"category","embeddable":true,"href":"https:\/\/www.benarabi.org\/index.php?rest_route=%2Fwp%2Fv2%2Fcategories&post=8866"},{"taxonomy":"post_tag","embeddable":true,"href":"https:\/\/www.benarabi.org\/index.php?rest_route=%2Fwp%2Fv2%2Ftags&post=8866"}],"curies":[{"name":"wp","href":"https:\/\/api.w.org\/{rel}","templated":true}]}}