{"id":8873,"date":"2021-11-15T10:55:25","date_gmt":"2021-11-15T09:55:25","guid":{"rendered":"https:\/\/www.benarabi.org\/?p=8873"},"modified":"2021-11-15T10:55:25","modified_gmt":"2021-11-15T09:55:25","slug":"constitucion-de-la-junta-de-delegados-curso-2021-22","status":"publish","type":"post","link":"https:\/\/www.benarabi.org\/?p=8873","title":{"rendered":"Constituci\u00f3n de la Junta de Delegados curso 2021-22"},"content":{"rendered":"<p style=\"text-align: justify;\"><img loading=\"lazy\" decoding=\"async\" class=\"alignleft wp-image-8874 size-full\" src=\"https:\/\/www.benarabi.org\/wp-content\/uploads\/2021\/11\/Delegados-de-clase-e1636970119528.jpg\" alt=\"\" width=\"150\" height=\"71\" \/>El pasado 5 de noviembre qued\u00f3 constituida la\u00a0Junta de delegados\u00a0para el curso\u00a02021-22.\u00a0Est\u00e1 integrada por los delegados\/subdelegados de los distintos grupos y por los representantes de los alumnos en el Consejo Escolar. El Presidente de la misma es el alumno m\u00e1s votado entre los representantes actuales en el Consejo Escolar, Juan Jos\u00e9 Tom\u00e1s Rives, del grupo B21C, que adem\u00e1s ostentar\u00e1 la representaci\u00f3n de los alumnos en los actos protocolarios en los que se requiera su presencia. El secretario de la Junta es el alumno de menor edad de entre los delegados de 2\u00ba de Bachillerato, Carlos Rubio Gonz\u00e1lez, del grupo B21C.<\/p>\n<p style=\"text-align: justify;\">En esta primera reuni\u00f3n, se han tratado temas de gran inter\u00e9s como informarles de las funciones de los delegados y subdelegados de cada grupo, Plan de Contingencia frente a la Covid 19 del IES Ben Arabi, convocatoria de la XXIIV Edici\u00f3n del Premio Jacinto Alcaraz Mellado, planificaci\u00f3n de ex\u00e1menes, seguimiento de materias pendientes de cursos anteriores, becas de Corresponsales Juveniles,\u2026<\/p>\n<p style=\"text-align: justify;\">Adem\u00e1s, se ha aprovechado para transmitirles, como delegados\/subdelegados, nuestro agradecimiento por presentarse como representantes de cada grupo, ya que su labor es fundamental.<\/p>\n<p style=\"text-align: justify;\">Si quieres conocer el listado de delegados\/subdelegados, <a href=\"https:\/\/www.benarabi.org\/wp-content\/uploads\/2021\/10\/LISTA_DELEGADOS-21-22.pdf\">pincha aqu\u00ed<\/a>.<\/p>\n","protected":false},"excerpt":{"rendered":"<p>El pasado 5 de noviembre qued\u00f3 constituida la\u00a0Junta de delegados\u00a0para el curso\u00a02021-22.\u00a0Est\u00e1 integrada por los delegados\/subdelegados de los distintos grupos y por los representantes de los alumnos en el Consejo Escolar. El Presidente de la misma es el alumno m\u00e1s votado entre los representantes actuales en el Consejo Escolar, Juan Jos\u00e9 Tom\u00e1s Rives, del grupo [&hellip;]<\/p>\n","protected":false},"author":1,"featured_media":0,"comment_status":"closed","ping_status":"open","sticky":false,"template":"","format":"standard","meta":{"footnotes":""},"categories":[1],"tags":[],"class_list":["post-8873","post","type-post","status-publish","format-standard","hentry","category-sin-categoria"],"_links":{"self":[{"href":"https:\/\/www.benarabi.org\/index.php?rest_route=\/wp\/v2\/posts\/8873","targetHints":{"allow":["GET"]}}],"collection":[{"href":"https:\/\/www.benarabi.org\/index.php?rest_route=\/wp\/v2\/posts"}],"about":[{"href":"https:\/\/www.benarabi.org\/index.php?rest_route=\/wp\/v2\/types\/post"}],"author":[{"embeddable":true,"href":"https:\/\/www.benarabi.org\/index.php?rest_route=\/wp\/v2\/users\/1"}],"replies":[{"embeddable":true,"href":"https:\/\/www.benarabi.org\/index.php?rest_route=%2Fwp%2Fv2%2Fcomments&post=8873"}],"version-history":[{"count":1,"href":"https:\/\/www.benarabi.org\/index.php?rest_route=\/wp\/v2\/posts\/8873\/revisions"}],"predecessor-version":[{"id":8875,"href":"https:\/\/www.benarabi.org\/index.php?rest_route=\/wp\/v2\/posts\/8873\/revisions\/8875"}],"wp:attachment":[{"href":"https:\/\/www.benarabi.org\/index.php?rest_route=%2Fwp%2Fv2%2Fmedia&parent=8873"}],"wp:term":[{"taxonomy":"category","embeddable":true,"href":"https:\/\/www.benarabi.org\/index.php?rest_route=%2Fwp%2Fv2%2Fcategories&post=8873"},{"taxonomy":"post_tag","embeddable":true,"href":"https:\/\/www.benarabi.org\/index.php?rest_route=%2Fwp%2Fv2%2Ftags&post=8873"}],"curies":[{"name":"wp","href":"https:\/\/api.w.org\/{rel}","templated":true}]}}