{"id":8895,"date":"2021-11-17T13:51:45","date_gmt":"2021-11-17T12:51:45","guid":{"rendered":"https:\/\/www.benarabi.org\/?p=8895"},"modified":"2021-11-17T13:51:45","modified_gmt":"2021-11-17T12:51:45","slug":"concurso-calendario-matematico","status":"publish","type":"post","link":"https:\/\/www.benarabi.org\/?p=8895","title":{"rendered":"Concurso Calendario Matem\u00e1tico"},"content":{"rendered":"<p style=\"text-align: justify;\"><img loading=\"lazy\" decoding=\"async\" class=\"alignleft size-full wp-image-8899\" src=\"https:\/\/www.benarabi.org\/wp-content\/uploads\/2021\/11\/DSC00322-scaled-e1637153480611.jpg\" alt=\"\" width=\"150\" height=\"100\" \/>Un curso m\u00e1s, ha dado comienzo la tercera edici\u00f3n del <em>Calendario Matem\u00e1tico.<\/em><\/p>\n<p style=\"text-align: justify;\">Se trata de una actividad organizada por el Departamento de Matem\u00e1ticas con el objetivo de estimular el razonamiento l\u00f3gico-matem\u00e1tico y la capacidad de resoluci\u00f3n de problemas, bajo la f\u00f3rmula de un peque\u00f1o campeonato individual por puntos.<\/p>\n<p style=\"text-align: justify;\">Est\u00e1 destinada al alumnado de 1\u00ba &#8211; 2\u00ba de ESO y consta de ocho pruebas, divididas en dos fases, que se publican quincenalmente los martes a trav\u00e9s del Aula Virtual. Su tem\u00e1tica es diversa, con problemas de ingenio, l\u00f3gica, geometr\u00eda o acertijos matem\u00e1ticos. La primera fase ha terminado el 16 de noviembre y la segunda comenzar\u00e1 tras las vacaciones, el 11 de\u00a0 enero, para finalizar el 22 de febrero.<\/p>\n<p style=\"text-align: justify;\">Una vez terminada la competici\u00f3n, el Departamento de Matem\u00e1ticas valorar\u00e1 las pruebas presentadas, establecer\u00e1 la clasificaci\u00f3n final y obsequiar\u00e1 a los tres primeros.<\/p>\n<p style=\"text-align: justify;\">La entrega de premios ser\u00e1, siempre que las condiciones sanitarias lo permitan, el 12 de mayo, coincidiendo con el <em>D\u00eda Internacional de las Matem\u00e1ticas.<\/em><\/p>\n<p style=\"text-align: justify;\">Las condiciones de semipresencialidad del curso pasado obligaron a posponer la entrega de premios hasta el inicio del presente curso, en el que acude todo el alumnado diariamente al centro.<\/p>\n<p style=\"text-align: justify;\">Las participantes premiadas en la segunda edici\u00f3n, celebrada el curso pasado, fueron Maryam P\u00e9rez Conesa (1\u00aa), Alessandra Lobina Egea (2\u00aa) y Nuria Vidal Carmona (3\u00aa). Nuestra enhorabuena a las tres y nuestros mejores deseos de \u00e9xito en los estudios.<\/p>\n","protected":false},"excerpt":{"rendered":"<p>Un curso m\u00e1s, ha dado comienzo la tercera edici\u00f3n del Calendario Matem\u00e1tico. Se trata de una actividad organizada por el Departamento de Matem\u00e1ticas con el objetivo de estimular el razonamiento l\u00f3gico-matem\u00e1tico y la capacidad de resoluci\u00f3n de problemas, bajo la f\u00f3rmula de un peque\u00f1o campeonato individual por puntos. Est\u00e1 destinada al alumnado de 1\u00ba &#8211; [&hellip;]<\/p>\n","protected":false},"author":1,"featured_media":0,"comment_status":"closed","ping_status":"open","sticky":false,"template":"","format":"standard","meta":{"footnotes":""},"categories":[1],"tags":[],"class_list":["post-8895","post","type-post","status-publish","format-standard","hentry","category-sin-categoria"],"_links":{"self":[{"href":"https:\/\/www.benarabi.org\/index.php?rest_route=\/wp\/v2\/posts\/8895","targetHints":{"allow":["GET"]}}],"collection":[{"href":"https:\/\/www.benarabi.org\/index.php?rest_route=\/wp\/v2\/posts"}],"about":[{"href":"https:\/\/www.benarabi.org\/index.php?rest_route=\/wp\/v2\/types\/post"}],"author":[{"embeddable":true,"href":"https:\/\/www.benarabi.org\/index.php?rest_route=\/wp\/v2\/users\/1"}],"replies":[{"embeddable":true,"href":"https:\/\/www.benarabi.org\/index.php?rest_route=%2Fwp%2Fv2%2Fcomments&post=8895"}],"version-history":[{"count":1,"href":"https:\/\/www.benarabi.org\/index.php?rest_route=\/wp\/v2\/posts\/8895\/revisions"}],"predecessor-version":[{"id":8900,"href":"https:\/\/www.benarabi.org\/index.php?rest_route=\/wp\/v2\/posts\/8895\/revisions\/8900"}],"wp:attachment":[{"href":"https:\/\/www.benarabi.org\/index.php?rest_route=%2Fwp%2Fv2%2Fmedia&parent=8895"}],"wp:term":[{"taxonomy":"category","embeddable":true,"href":"https:\/\/www.benarabi.org\/index.php?rest_route=%2Fwp%2Fv2%2Fcategories&post=8895"},{"taxonomy":"post_tag","embeddable":true,"href":"https:\/\/www.benarabi.org\/index.php?rest_route=%2Fwp%2Fv2%2Ftags&post=8895"}],"curies":[{"name":"wp","href":"https:\/\/api.w.org\/{rel}","templated":true}]}}