{"id":8980,"date":"2021-12-09T10:31:16","date_gmt":"2021-12-09T09:31:16","guid":{"rendered":"https:\/\/www.benarabi.org\/?p=8980"},"modified":"2021-12-20T13:08:07","modified_gmt":"2021-12-20T12:08:07","slug":"el-xxiv-premio-jacinto-alcaraz-mellado-recae-en-apices-salud-mental-cartagena","status":"publish","type":"post","link":"https:\/\/www.benarabi.org\/?p=8980","title":{"rendered":"El XXIV Premio Jacinto Alcaraz Mellado recae en \u00c1PICES Salud Mental Cartagena"},"content":{"rendered":"<p style=\"text-align: justify;\"><img loading=\"lazy\" decoding=\"async\" class=\"alignleft size-full wp-image-8981\" src=\"https:\/\/www.benarabi.org\/wp-content\/uploads\/2021\/12\/LOGO-APICES-e1639042225131.png\" alt=\"\" width=\"150\" height=\"57\" \/>Reunido el Consejo Escolar del instituto Ben Arab\u00ed, el pasado mi\u00e9rcoles 1 de diciembre de 2021, falla el XXIV Premio Jacinto Alcaraz Mellado a la solidaridad, tolerancia y convivencia, recayendo sobre \u00c1PICES Salud Mental Cartagena.<\/p>\n<p style=\"text-align: justify;\">\u00c1pices es una entidad, propuesta por Mar\u00eda Jos\u00e9 Hern\u00e1ndez Rojo (directora APICES Salud Mental Cartagena), sin \u00e1nimo de lucro declarada de utilidad p\u00fablica en 1997, que pretende alcanzar tanto la integraci\u00f3n social de las personas con problemas de Salud Mental como su inserci\u00f3n socio-laboral y rehabilitaci\u00f3n integral. Para ello tiene como misi\u00f3n mejorar la calidad de vida de las personas con problemas de Salud Mental, as\u00ed como las de sus familias.<\/p>\n<p style=\"text-align: justify;\">\u00c1PICES Salud Mental Cartagena pertenece a la\u00a0<a href=\"https:\/\/www.saludmentalrm.com\/quienes-somos\/\">Federaci\u00f3n de Salud Mental de la Regi\u00f3n de Murcia<\/a>, contando con servicios como: Centro de D\u00eda, Vivienda tutelada, Transporte, Comedor, Atenci\u00f3n social Atenci\u00f3n psicol\u00f3gica, Atenci\u00f3n m\u00e9dica y psiqui\u00e1trica y Atenci\u00f3n de enfermer\u00eda.<\/p>\n<p style=\"text-align: justify;\">Adem\u00e1s cuenta con numerosos programas: Programa de comunicaci\u00f3n y habilidades sociales, Programa de educaci\u00f3n para la salud, habilidades de autonom\u00eda funcional y vida en el hogar, Programa de ocio, tiempo libre y actividades de utilizaci\u00f3n de la comunidad, Programa de acad\u00e9micas funcionales, Programa de seguridad y tareas ocupacionales habilidades, Programa de terapia ocupacional.<\/p>\n<p style=\"text-align: justify;\">Desde APICES han apostado por la mejora tecnol\u00f3gica y digitalizaci\u00f3n de la asociaci\u00f3n. Para ello est\u00e1n realizando actualizaci\u00f3n en equipos inform\u00e1ticos y material did\u00e1ctico, adaptando los programas a modalidad semipresencial, telem\u00e1tica y \u201cgrupos burbuja\u201d destinado a eliminar la brecha digital producidos por el COVID19 en la poblaci\u00f3n con problemas de salud mental.<\/p>\n<p style=\"text-align: justify;\">Este premio est\u00e1 subvencionado por la Concejal\u00eda de Educaci\u00f3n del Ayuntamiento de Cartagena, la Consejer\u00eda de Educaci\u00f3n y Cultura, y Fenie Energ\u00eda a trav\u00e9s de Bara Dynamics.<\/p>\n<p style=\"text-align: justify;\">La Comunidad Educativa del IES Ben Arab\u00ed le damos nuestra Enhorabuena.<\/p>\n<p style=\"text-align: justify;\">El IES Ben Arab\u00ed organizar\u00e1 un acto de entrega del Premio.<\/p>\n<p style=\"text-align: justify;\">Si quieres conocer la informaci\u00f3n detallada de la Asociaci\u00f3n, <a href=\"https:\/\/apicescartagena.com\/\" target=\"_blank\" rel=\"noopener\">pincha aqu\u00ed<\/a>.<\/p>\n","protected":false},"excerpt":{"rendered":"<p>Reunido el Consejo Escolar del instituto Ben Arab\u00ed, el pasado mi\u00e9rcoles 1 de diciembre de 2021, falla el XXIV Premio Jacinto Alcaraz Mellado a la solidaridad, tolerancia y convivencia, recayendo sobre \u00c1PICES Salud Mental Cartagena. \u00c1pices es una entidad, propuesta por Mar\u00eda Jos\u00e9 Hern\u00e1ndez Rojo (directora APICES Salud Mental Cartagena), sin \u00e1nimo de lucro declarada [&hellip;]<\/p>\n","protected":false},"author":1,"featured_media":0,"comment_status":"closed","ping_status":"open","sticky":false,"template":"","format":"standard","meta":{"footnotes":""},"categories":[1],"tags":[],"class_list":["post-8980","post","type-post","status-publish","format-standard","hentry","category-sin-categoria"],"_links":{"self":[{"href":"https:\/\/www.benarabi.org\/index.php?rest_route=\/wp\/v2\/posts\/8980","targetHints":{"allow":["GET"]}}],"collection":[{"href":"https:\/\/www.benarabi.org\/index.php?rest_route=\/wp\/v2\/posts"}],"about":[{"href":"https:\/\/www.benarabi.org\/index.php?rest_route=\/wp\/v2\/types\/post"}],"author":[{"embeddable":true,"href":"https:\/\/www.benarabi.org\/index.php?rest_route=\/wp\/v2\/users\/1"}],"replies":[{"embeddable":true,"href":"https:\/\/www.benarabi.org\/index.php?rest_route=%2Fwp%2Fv2%2Fcomments&post=8980"}],"version-history":[{"count":5,"href":"https:\/\/www.benarabi.org\/index.php?rest_route=\/wp\/v2\/posts\/8980\/revisions"}],"predecessor-version":[{"id":9024,"href":"https:\/\/www.benarabi.org\/index.php?rest_route=\/wp\/v2\/posts\/8980\/revisions\/9024"}],"wp:attachment":[{"href":"https:\/\/www.benarabi.org\/index.php?rest_route=%2Fwp%2Fv2%2Fmedia&parent=8980"}],"wp:term":[{"taxonomy":"category","embeddable":true,"href":"https:\/\/www.benarabi.org\/index.php?rest_route=%2Fwp%2Fv2%2Fcategories&post=8980"},{"taxonomy":"post_tag","embeddable":true,"href":"https:\/\/www.benarabi.org\/index.php?rest_route=%2Fwp%2Fv2%2Ftags&post=8980"}],"curies":[{"name":"wp","href":"https:\/\/api.w.org\/{rel}","templated":true}]}}