{"id":9011,"date":"2021-12-17T12:19:03","date_gmt":"2021-12-17T11:19:03","guid":{"rendered":"https:\/\/www.benarabi.org\/?p=9011"},"modified":"2021-12-17T12:19:03","modified_gmt":"2021-12-17T11:19:03","slug":"nueva-regulacion-de-la-evaluacion-promocion-y-titulacion-2","status":"publish","type":"post","link":"https:\/\/www.benarabi.org\/?p=9011","title":{"rendered":"Nueva regulaci\u00f3n de la evaluaci\u00f3n, promoci\u00f3n y titulaci\u00f3n"},"content":{"rendered":"<p>Se ha publicado la <strong>Resoluci\u00f3n de 15 de diciembre de 2021 por la que se dictan instrucciones sobre la evaluaci\u00f3n y la promoci\u00f3n en la educaci\u00f3n primaria, la evaluaci\u00f3n, la promoci\u00f3n y la titulaci\u00f3n en la educaci\u00f3n secundaria obligatoria, el bachillerato y la formaci\u00f3n profesional, as\u00ed como en las ense\u00f1anzas de personas adultas que conduzcan a la obtenci\u00f3n de los t\u00edtulos de graduado en educaci\u00f3n secundaria obligatoria y bachiller<\/strong>\u00a0que ser\u00e1 de aplicaci\u00f3n a partir de este curso escolar 2021-2022.<\/p>\n<p>Si quieres conocer la Resoluci\u00f3n, <a href=\"https:\/\/www.benarabi.org\/wp-content\/uploads\/2021\/12\/Resolucion-de-15-de-diciembre-de-2021-de-evaluacion-promocion-y-titulacion.pdf\">pincha aqu\u00ed<\/a>.<\/p>\n<p>Adem\u00e1s se ha publicado la <strong>Resoluci\u00f3n de 14 de diciembre de 2021 del Director General de Centros Educativos e Infraestructuras por la que se establecen las fechas de las pruebas de evaluaci\u00f3n ordinaria y extraordinaria de Bachillerato<\/strong>.<\/p>\n<p>Si quieres conocer la Resoluci\u00f3n, <a href=\"https:\/\/www.benarabi.org\/wp-content\/uploads\/2021\/12\/20211214-Resolucion-fechas-evaluacion-bachillerato.pdf\">pincha aqu\u00ed<\/a>.<\/p>\n","protected":false},"excerpt":{"rendered":"<p>Se ha publicado la Resoluci\u00f3n de 15 de diciembre de 2021 por la que se dictan instrucciones sobre la evaluaci\u00f3n y la promoci\u00f3n en la educaci\u00f3n primaria, la evaluaci\u00f3n, la promoci\u00f3n y la titulaci\u00f3n en la educaci\u00f3n secundaria obligatoria, el bachillerato y la formaci\u00f3n profesional, as\u00ed como en las ense\u00f1anzas de personas adultas que conduzcan [&hellip;]<\/p>\n","protected":false},"author":1,"featured_media":0,"comment_status":"closed","ping_status":"open","sticky":false,"template":"","format":"standard","meta":{"footnotes":""},"categories":[1],"tags":[],"class_list":["post-9011","post","type-post","status-publish","format-standard","hentry","category-sin-categoria"],"_links":{"self":[{"href":"https:\/\/www.benarabi.org\/index.php?rest_route=\/wp\/v2\/posts\/9011","targetHints":{"allow":["GET"]}}],"collection":[{"href":"https:\/\/www.benarabi.org\/index.php?rest_route=\/wp\/v2\/posts"}],"about":[{"href":"https:\/\/www.benarabi.org\/index.php?rest_route=\/wp\/v2\/types\/post"}],"author":[{"embeddable":true,"href":"https:\/\/www.benarabi.org\/index.php?rest_route=\/wp\/v2\/users\/1"}],"replies":[{"embeddable":true,"href":"https:\/\/www.benarabi.org\/index.php?rest_route=%2Fwp%2Fv2%2Fcomments&post=9011"}],"version-history":[{"count":2,"href":"https:\/\/www.benarabi.org\/index.php?rest_route=\/wp\/v2\/posts\/9011\/revisions"}],"predecessor-version":[{"id":9015,"href":"https:\/\/www.benarabi.org\/index.php?rest_route=\/wp\/v2\/posts\/9011\/revisions\/9015"}],"wp:attachment":[{"href":"https:\/\/www.benarabi.org\/index.php?rest_route=%2Fwp%2Fv2%2Fmedia&parent=9011"}],"wp:term":[{"taxonomy":"category","embeddable":true,"href":"https:\/\/www.benarabi.org\/index.php?rest_route=%2Fwp%2Fv2%2Fcategories&post=9011"},{"taxonomy":"post_tag","embeddable":true,"href":"https:\/\/www.benarabi.org\/index.php?rest_route=%2Fwp%2Fv2%2Ftags&post=9011"}],"curies":[{"name":"wp","href":"https:\/\/api.w.org\/{rel}","templated":true}]}}