{"id":9070,"date":"2022-01-21T14:54:06","date_gmt":"2022-01-21T13:54:06","guid":{"rendered":"https:\/\/www.benarabi.org\/?p=9070"},"modified":"2022-01-27T13:17:54","modified_gmt":"2022-01-27T12:17:54","slug":"x-semana-cultural-conoce-cartagena","status":"publish","type":"post","link":"https:\/\/www.benarabi.org\/?p=9070","title":{"rendered":"X Semana Cultural: \u201cConoce Cartagena\u201d"},"content":{"rendered":"<p style=\"text-align: justify;\"><img loading=\"lazy\" decoding=\"async\" class=\"alignleft size-full wp-image-9072\" src=\"https:\/\/www.benarabi.org\/wp-content\/uploads\/2022\/01\/X-SEMANA-CULTURAL-CONOCE-CARTAGENA-IES-BEN-ARABI_page-0001-scaled-e1642773226372.jpg\" alt=\"\" width=\"150\" height=\"239\" \/>Estimadas familias:<\/p>\n<p style=\"text-align: justify;\">Un curso m\u00e1s, desde el IES Ben Arab\u00ed ponemos en marcha la Semana Cultural de nuestro centro. En su d\u00e9cima edici\u00f3n, nos hemos propuesto dar a conocer nuestra ciudad: Cartagena. As\u00ed, sobre el nombre de\u00a0\u00abConoce Cartagena\u00bb,\u00a0del lunes 24 al jueves 27 de enero de 2022, se van a desarrollar en el centro numerosas actividades culturales de todo tipo. Conferencias, concursos, charlas, actividades pr\u00e1cticas y de aula, exposiciones,&#8230;.<\/p>\n<p style=\"text-align: justify;\">El viernes 28 de enero no habr\u00e1 clases ya que celebraremos la Festividad de Santo Tom\u00e1s de Aquino.<\/p>\n<p style=\"text-align: justify;\">Si quieres conocer el Programa completo y detallado, <a href=\"https:\/\/www.benarabi.org\/wp-content\/uploads\/2022\/01\/X-SEMANA-CULTURAL-CONOCE-CARTAGENA-IES-BEN-ARABI_compressed.pdf\">pincha aqu\u00ed<\/a>.<\/p>\n<p style=\"text-align: justify;\">Si quieres ver las bases del concurso de dibujo, <a href=\"https:\/\/www.benarabi.org\/wp-content\/uploads\/2022\/01\/2a-EDICION-BASES-DEL-CONCURSO-DE-DIBUJO-CREATIVO-IES-BEN-ARABI-2022.pdf\">pincha aqu\u00ed<\/a>.<\/p>\n<p style=\"text-align: justify;\">Si quieres ver las bases del concurso de microrrelatos, <a href=\"https:\/\/www.benarabi.org\/wp-content\/uploads\/2022\/01\/2a-EDICION-BASES-DEL-CONCURSO-DE-MICRORRELATOS-IES-BEN-ARABI-2022.pdf\">pincha aqu\u00ed<\/a>.<\/p>\n<p style=\"text-align: justify;\"><!--more--><\/p>\n<p style=\"text-align: justify;\">Durante\u00a0estos d\u00edas, el objetivo fundamental es que nuestros alumnos trabajen, a trav\u00e9s de las distintas \u00e1reas del curr\u00edculo, la tem\u00e1tica \u201cCONOCE CARTAGENA\u201d adem\u00e1s de realizar conferencias, concursos, exposiciones,\u2026El tema ha sido escogido en reuni\u00f3n de la Comisi\u00f3n de Coordinaci\u00f3n Pedag\u00f3gica (CCP), entre las propuestas de los diferentes Departamentos Did\u00e1cticos.<\/p>\n<p style=\"text-align: justify;\">El martes 25, en el Auditorio del Conservatorio Profesional de M\u00fasica una de nuestras poetas m\u00e1s internacional\u00a0D\u00f1a. Mar\u00eda Teresa Cervantes\u00a0nos hablar\u00e1 de su experiencia y su paso por ciudades tan emblem\u00e1ticas como Par\u00eds.<\/p>\n<p style=\"text-align: justify;\">El mi\u00e9rcoles 26 ser\u00e1 el turno del divulgador cient\u00edfico\u00a0D. Cayetano Guti\u00e9rrez\u00a0y su visi\u00f3n sobre el cambio clim\u00e1tico e influencia sobre nuestra ciudad y alrededores.<\/p>\n<p style=\"text-align: justify;\">El jueves 27 cerraremos el ciclo de conferencias con la asociaci\u00f3n juvenil\u00a0\u00abFriday for future\u00bb\u00a0defendiendo su futuro sostenible para nuestro entorno y con la conferencia del cronista cartagenero\u00a0D. Juan Ignacio Ferr\u00e1ndez\u00a0que nos hablar\u00e1 de la sociedad y personajes de la Cartagena Modernista.<\/p>\n<p style=\"text-align: justify;\">Por otro lado contaremos con la exposici\u00f3n de artistas cartageneros, que se podr\u00e1 visitar en la biblioteca del centro durante toda la semana.<\/p>\n<p style=\"text-align: justify;\">Daremos a conocer m\u00fasicos y grupos de nuestra ciudad, y acercaremos el deporte del ayuntamiento a nuestra comunidad educativa: deporte adaptado, rugby y master class danza moderna.<\/p>\n","protected":false},"excerpt":{"rendered":"<p>Estimadas familias: Un curso m\u00e1s, desde el IES Ben Arab\u00ed ponemos en marcha la Semana Cultural de nuestro centro. En su d\u00e9cima edici\u00f3n, nos hemos propuesto dar a conocer nuestra ciudad: Cartagena. As\u00ed, sobre el nombre de\u00a0\u00abConoce Cartagena\u00bb,\u00a0del lunes 24 al jueves 27 de enero de 2022, se van a desarrollar en el centro numerosas [&hellip;]<\/p>\n","protected":false},"author":1,"featured_media":0,"comment_status":"closed","ping_status":"open","sticky":false,"template":"","format":"standard","meta":{"footnotes":""},"categories":[1],"tags":[],"class_list":["post-9070","post","type-post","status-publish","format-standard","hentry","category-sin-categoria"],"_links":{"self":[{"href":"https:\/\/www.benarabi.org\/index.php?rest_route=\/wp\/v2\/posts\/9070","targetHints":{"allow":["GET"]}}],"collection":[{"href":"https:\/\/www.benarabi.org\/index.php?rest_route=\/wp\/v2\/posts"}],"about":[{"href":"https:\/\/www.benarabi.org\/index.php?rest_route=\/wp\/v2\/types\/post"}],"author":[{"embeddable":true,"href":"https:\/\/www.benarabi.org\/index.php?rest_route=\/wp\/v2\/users\/1"}],"replies":[{"embeddable":true,"href":"https:\/\/www.benarabi.org\/index.php?rest_route=%2Fwp%2Fv2%2Fcomments&post=9070"}],"version-history":[{"count":4,"href":"https:\/\/www.benarabi.org\/index.php?rest_route=\/wp\/v2\/posts\/9070\/revisions"}],"predecessor-version":[{"id":9078,"href":"https:\/\/www.benarabi.org\/index.php?rest_route=\/wp\/v2\/posts\/9070\/revisions\/9078"}],"wp:attachment":[{"href":"https:\/\/www.benarabi.org\/index.php?rest_route=%2Fwp%2Fv2%2Fmedia&parent=9070"}],"wp:term":[{"taxonomy":"category","embeddable":true,"href":"https:\/\/www.benarabi.org\/index.php?rest_route=%2Fwp%2Fv2%2Fcategories&post=9070"},{"taxonomy":"post_tag","embeddable":true,"href":"https:\/\/www.benarabi.org\/index.php?rest_route=%2Fwp%2Fv2%2Ftags&post=9070"}],"curies":[{"name":"wp","href":"https:\/\/api.w.org\/{rel}","templated":true}]}}