{"id":9094,"date":"2022-01-27T13:10:11","date_gmt":"2022-01-27T12:10:11","guid":{"rendered":"https:\/\/www.benarabi.org\/?p=9094"},"modified":"2022-01-27T14:00:28","modified_gmt":"2022-01-27T13:00:28","slug":"el-ies-ben-arabi-entrega-el-xxiv-premio-jacinto-alcaraz-a-apices","status":"publish","type":"post","link":"https:\/\/www.benarabi.org\/?p=9094","title":{"rendered":"El IES Ben Arab\u00ed entrega el XXIV Premio Jacinto Alcaraz\u00a0 a \u00c1PICES"},"content":{"rendered":"<p style=\"text-align: justify;\"><img loading=\"lazy\" decoding=\"async\" class=\"alignleft size-full wp-image-9096\" src=\"https:\/\/www.benarabi.org\/wp-content\/uploads\/2022\/01\/1643270762420-scaled-e1643285331268.jpg\" alt=\"\" width=\"150\" height=\"113\" \/>El mi\u00e9rcoles 26 de enero, el IES Ben Arab\u00ed hizo la entrega del XXIV Premio Jacinto Alcaraz Mellado a la solidaridad, tolerancia y convivencia a la Asociaci\u00f3n \u00c1PICES Salud Mental de Cartagena.<\/p>\n<p style=\"text-align: justify;\">Este Premio se concede anualmente a aquellas personas o instituciones que se hayan distinguido por su trabajo a favor de la solidaridad, tolerancia y convivencia en la Regi\u00f3n de Murcia.<\/p>\n<p style=\"text-align: justify;\">La Asociaci\u00f3n \u00c1PICES, es una asociaci\u00f3n perteneciente a la Federaci\u00f3n de Salud Mental de la Regi\u00f3n de Murcia que cuenta con Centro de D\u00eda y Vivienda tutelada, entre otros servicios, para personas con problemas de salud mental.<\/p>\n<p style=\"text-align: justify;\">EL premio tiene una dotaci\u00f3n econ\u00f3mica de 600 euros y est\u00e1 subvencionado por la Consejer\u00eda de Educaci\u00f3n y Cultura, la Concejal\u00eda de Educaci\u00f3n del Ayuntamiento de Cartagena y la empresa <strong>FENIENERG\u00cdA<\/strong>.<\/p>\n<p style=\"text-align: justify;\">La ceremonia de entrega del premio, presidido el acto por el director del IES Ben Arab\u00ed, <strong>D. Manuel D\u00edaz Segura, <\/strong>tuvo lugar en el Auditorio del Conservatorio de M\u00fasica de Cartagena y cont\u00f3 con las intervenciones de <strong>D\u00f1a. M\u00aa del Mar S\u00e1nchez Rodr\u00edguez,<\/strong> \u00a0subdirectora General de Innovaci\u00f3n Educativa y Atenci\u00f3n a la Diversidad; <strong>D\u00aa Mar\u00eda Irene Ruiz Roca<\/strong>, Concejala del \u00c1rea de Gobierno de Educaci\u00f3n del Ayuntamiento de Cartagena y <strong>D\u00f1a. Nuria Mart\u00ednez G\u00f3mez<\/strong>, nueva Presidenta del AMPA del centro. D\u00f1a. Nuria, representando a los padres, \u00a0quiso resaltar de este premio la gran participaci\u00f3n en la votaci\u00f3n de las candidaturas por parte de toda la Comunidad Educativa.<\/p>\n<p style=\"text-align: justify;\">La Asociaci\u00f3n \u00c1PICES estuvo representada por tres miembros de su junta directiva, <strong>D\u00f1a. Josefa Hern\u00e1ndez Rojo<\/strong> (presidenta); \u00a0<strong>D\u00f1a. Dolores Andr\u00e9s Zaragoza<\/strong> (tesorera); y <strong>D\u00f1a. Juana Mart\u00ednez Conesa<\/strong> (secretaria). Esta \u00faltima intervino despu\u00e9s de recibir el premio, una estatuilla (Sargadelo) y una dotaci\u00f3n econ\u00f3mica de 600 euros, para agradecer en nombre de toda la asociaci\u00f3n la concesi\u00f3n del mismo. La dotaci\u00f3n econ\u00f3mica servir\u00e1 para la compra de una pizarra digital que ayudar\u00e1 en la tarea diaria de trabajo con los socios de la entidad. Una pieza clave para el desarrollo de sus tratamientos. Este tipo de ayudas suponen un impulso importante para el trabajo diario de la asociaci\u00f3n.<\/p>\n<p style=\"text-align: justify;\">Como todos los a\u00f1os, la familia de Jacinto Alcaraz Mellado asisti\u00f3 al acto. Uno de sus hermanos hizo entrega del premio.<\/p>\n<p style=\"text-align: justify;\">La gala estuvo amenizada por dos actuaciones de alumnos del centro. La primera actuaci\u00f3n musical corri\u00f3 a cargo de un quinteto de viento formado por <strong>Laura Garc\u00eda Jer\u00e9z <\/strong>(flauta),<strong> \u00c1ngela Ros Hern\u00e1ndez <\/strong>(Oboe),<strong> Mar\u00eda Ramnial Salinas <\/strong>(clarinete),<strong> Alberto Moreno Contreras <\/strong>(fagot)<strong> y Fernando Garc\u00eda Vidal <\/strong>(trompa) que nos deleitaron con el 5\u00ba movimiento de las antiguas danzas h\u00fangaras de Farkas. La segunda actuaci\u00f3n en forma de baile corri\u00f3 a cargo de <strong>Alicia Torres Pi\u00f1ana<\/strong> y su espect\u00e1culo Bamberas de Giselle.<\/p>\n<p style=\"text-align: justify;\">En el acto tambi\u00e9n se present\u00f3 el cartel de la vig\u00e9simo quinta edici\u00f3n, dise\u00f1ado por <strong>Miguel Cl\u00e9mentson y Mario Gal\u00e1n<\/strong> con fotograf\u00eda de <strong>Sebasti\u00e1n Contreras<\/strong>, y que supone la apertura de la nueva edici\u00f3n que concluir\u00e1 con la siguiente entrega el pr\u00f3ximo a\u00f1o.<\/p>\n<p style=\"text-align: justify;\">El Director del IES Ben Arabi, D. Manuel D\u00edaz Segura resalt\u00f3 el compromiso firme y consolidado de toda la comunidad educativa del centro, con el fomento y difusi\u00f3n de unos valores tan \u00a0relevantes en nuestra sociedad y felicit\u00f3 a todas las instituciones y organizaciones, que a\u00fan no siendo las ganadoras del Premio, trabajan d\u00eda a d\u00eda en el fomento de la solidaridad, tolerancia y convivencia.<\/p>\n<div id='gallery-1' class='gallery galleryid-9094 gallery-columns-3 gallery-size-thumbnail'><figure class='gallery-item'>\n\t\t\t<div class='gallery-icon landscape'>\n\t\t\t\t<a href='https:\/\/www.benarabi.org\/?attachment_id=9100'><img loading=\"lazy\" decoding=\"async\" width=\"250\" height=\"141\" src=\"https:\/\/www.benarabi.org\/wp-content\/uploads\/2022\/01\/unnamed-250x141.jpg\" class=\"attachment-thumbnail size-thumbnail\" alt=\"\" srcset=\"https:\/\/www.benarabi.org\/wp-content\/uploads\/2022\/01\/unnamed-250x141.jpg 250w, https:\/\/www.benarabi.org\/wp-content\/uploads\/2022\/01\/unnamed-850x478.jpg 850w, https:\/\/www.benarabi.org\/wp-content\/uploads\/2022\/01\/unnamed-1200x675.jpg 1200w\" sizes=\"auto, (max-width: 250px) 100vw, 250px\" \/><\/a>\n\t\t\t<\/div><\/figure><figure class='gallery-item'>\n\t\t\t<div class='gallery-icon landscape'>\n\t\t\t\t<a href='https:\/\/www.benarabi.org\/?attachment_id=9101'><img loading=\"lazy\" decoding=\"async\" width=\"250\" height=\"141\" src=\"https:\/\/www.benarabi.org\/wp-content\/uploads\/2022\/01\/unnamed-1-250x141.jpg\" class=\"attachment-thumbnail size-thumbnail\" alt=\"\" srcset=\"https:\/\/www.benarabi.org\/wp-content\/uploads\/2022\/01\/unnamed-1-250x141.jpg 250w, https:\/\/www.benarabi.org\/wp-content\/uploads\/2022\/01\/unnamed-1-850x478.jpg 850w, https:\/\/www.benarabi.org\/wp-content\/uploads\/2022\/01\/unnamed-1-1200x675.jpg 1200w\" sizes=\"auto, (max-width: 250px) 100vw, 250px\" \/><\/a>\n\t\t\t<\/div><\/figure><figure class='gallery-item'>\n\t\t\t<div class='gallery-icon landscape'>\n\t\t\t\t<a href='https:\/\/www.benarabi.org\/?attachment_id=9102'><img loading=\"lazy\" decoding=\"async\" width=\"250\" height=\"141\" src=\"https:\/\/www.benarabi.org\/wp-content\/uploads\/2022\/01\/unnamed-2-250x141.jpg\" class=\"attachment-thumbnail size-thumbnail\" alt=\"\" srcset=\"https:\/\/www.benarabi.org\/wp-content\/uploads\/2022\/01\/unnamed-2-250x141.jpg 250w, https:\/\/www.benarabi.org\/wp-content\/uploads\/2022\/01\/unnamed-2-850x478.jpg 850w, https:\/\/www.benarabi.org\/wp-content\/uploads\/2022\/01\/unnamed-2-1200x675.jpg 1200w\" sizes=\"auto, (max-width: 250px) 100vw, 250px\" \/><\/a>\n\t\t\t<\/div><\/figure>\n\t\t<\/div>\n\n","protected":false},"excerpt":{"rendered":"<p>El mi\u00e9rcoles 26 de enero, el IES Ben Arab\u00ed hizo la entrega del XXIV Premio Jacinto Alcaraz Mellado a la solidaridad, tolerancia y convivencia a la Asociaci\u00f3n \u00c1PICES Salud Mental de Cartagena. Este Premio se concede anualmente a aquellas personas o instituciones que se hayan distinguido por su trabajo a favor de la solidaridad, tolerancia [&hellip;]<\/p>\n","protected":false},"author":1,"featured_media":0,"comment_status":"closed","ping_status":"open","sticky":false,"template":"","format":"standard","meta":{"footnotes":""},"categories":[1],"tags":[],"class_list":["post-9094","post","type-post","status-publish","format-standard","hentry","category-sin-categoria"],"_links":{"self":[{"href":"https:\/\/www.benarabi.org\/index.php?rest_route=\/wp\/v2\/posts\/9094","targetHints":{"allow":["GET"]}}],"collection":[{"href":"https:\/\/www.benarabi.org\/index.php?rest_route=\/wp\/v2\/posts"}],"about":[{"href":"https:\/\/www.benarabi.org\/index.php?rest_route=\/wp\/v2\/types\/post"}],"author":[{"embeddable":true,"href":"https:\/\/www.benarabi.org\/index.php?rest_route=\/wp\/v2\/users\/1"}],"replies":[{"embeddable":true,"href":"https:\/\/www.benarabi.org\/index.php?rest_route=%2Fwp%2Fv2%2Fcomments&post=9094"}],"version-history":[{"count":4,"href":"https:\/\/www.benarabi.org\/index.php?rest_route=\/wp\/v2\/posts\/9094\/revisions"}],"predecessor-version":[{"id":9104,"href":"https:\/\/www.benarabi.org\/index.php?rest_route=\/wp\/v2\/posts\/9094\/revisions\/9104"}],"wp:attachment":[{"href":"https:\/\/www.benarabi.org\/index.php?rest_route=%2Fwp%2Fv2%2Fmedia&parent=9094"}],"wp:term":[{"taxonomy":"category","embeddable":true,"href":"https:\/\/www.benarabi.org\/index.php?rest_route=%2Fwp%2Fv2%2Fcategories&post=9094"},{"taxonomy":"post_tag","embeddable":true,"href":"https:\/\/www.benarabi.org\/index.php?rest_route=%2Fwp%2Fv2%2Ftags&post=9094"}],"curies":[{"name":"wp","href":"https:\/\/api.w.org\/{rel}","templated":true}]}}