{"id":9112,"date":"2022-02-01T10:02:54","date_gmt":"2022-02-01T09:02:54","guid":{"rendered":"https:\/\/www.benarabi.org\/?p=9112"},"modified":"2022-02-01T10:04:45","modified_gmt":"2022-02-01T09:04:45","slug":"iv-certamen-literario-viento-del-pueblo","status":"publish","type":"post","link":"https:\/\/www.benarabi.org\/?p=9112","title":{"rendered":"IV Certamen Literario \u201cViento del pueblo\u201d"},"content":{"rendered":"<p style=\"text-align: justify;\"><img loading=\"lazy\" decoding=\"async\" class=\"alignleft size-full wp-image-9113\" src=\"https:\/\/www.benarabi.org\/wp-content\/uploads\/2022\/02\/Cartel-A4_page-0001-e1643705907637.jpg\" alt=\"\" width=\"150\" height=\"212\" \/>Los IES Mediterr\u00e1neo y Ben Arab\u00ed de Cartagena, y por primera vez el IES Ca\u00f1ada de las Eras de Molina de Segura, en colaboraci\u00f3n con la Fundaci\u00f3n Cultural Miguel Hern\u00e1ndez y el Aula que lleva su nombre en esta ciudad, convocan la 4\u00aa edici\u00f3n del Certamen literario \u201cViento del pueblo\u201d, para honrar la figura del poeta y mantener vivo su legado para las nuevas generaciones. El concurso se dirige a todos los alumnos que estudian ESO, Bachillerato y FP B\u00e1sica en la Regi\u00f3n de Murcia, que pueden presentar sus creaciones en dos categor\u00edas:<\/p>\n<ul style=\"text-align: justify;\">\n<li>De 1\u00ba a 3\u00ba ESO, y FP B\u00e1sica.<\/li>\n<li>4\u00ba ESO y Bachillerato.<\/li>\n<\/ul>\n<p style=\"text-align: justify;\">Los textos pertenecer\u00e1n al g\u00e9nero de la poes\u00eda l\u00edrica, con una extensi\u00f3n entre 14 y 50 versos, y deber\u00e1n contener dos versos originales de Miguel Hern\u00e1ndez introducidos en el discurso po\u00e9tico. Se otorgar\u00e1n dos premios, uno por categor\u00eda, valorados en 200 euros. Puedes leer detenidamente las bases <a href=\"https:\/\/www.benarabi.org\/wp-content\/uploads\/2022\/02\/Cartel-A4.pdf\">aqu\u00ed<\/a>.<\/p>\n","protected":false},"excerpt":{"rendered":"<p>Los IES Mediterr\u00e1neo y Ben Arab\u00ed de Cartagena, y por primera vez el IES Ca\u00f1ada de las Eras de Molina de Segura, en colaboraci\u00f3n con la Fundaci\u00f3n Cultural Miguel Hern\u00e1ndez y el Aula que lleva su nombre en esta ciudad, convocan la 4\u00aa edici\u00f3n del Certamen literario \u201cViento del pueblo\u201d, para honrar la figura del [&hellip;]<\/p>\n","protected":false},"author":1,"featured_media":0,"comment_status":"closed","ping_status":"open","sticky":false,"template":"","format":"standard","meta":{"footnotes":""},"categories":[1],"tags":[],"class_list":["post-9112","post","type-post","status-publish","format-standard","hentry","category-sin-categoria"],"_links":{"self":[{"href":"https:\/\/www.benarabi.org\/index.php?rest_route=\/wp\/v2\/posts\/9112","targetHints":{"allow":["GET"]}}],"collection":[{"href":"https:\/\/www.benarabi.org\/index.php?rest_route=\/wp\/v2\/posts"}],"about":[{"href":"https:\/\/www.benarabi.org\/index.php?rest_route=\/wp\/v2\/types\/post"}],"author":[{"embeddable":true,"href":"https:\/\/www.benarabi.org\/index.php?rest_route=\/wp\/v2\/users\/1"}],"replies":[{"embeddable":true,"href":"https:\/\/www.benarabi.org\/index.php?rest_route=%2Fwp%2Fv2%2Fcomments&post=9112"}],"version-history":[{"count":3,"href":"https:\/\/www.benarabi.org\/index.php?rest_route=\/wp\/v2\/posts\/9112\/revisions"}],"predecessor-version":[{"id":9117,"href":"https:\/\/www.benarabi.org\/index.php?rest_route=\/wp\/v2\/posts\/9112\/revisions\/9117"}],"wp:attachment":[{"href":"https:\/\/www.benarabi.org\/index.php?rest_route=%2Fwp%2Fv2%2Fmedia&parent=9112"}],"wp:term":[{"taxonomy":"category","embeddable":true,"href":"https:\/\/www.benarabi.org\/index.php?rest_route=%2Fwp%2Fv2%2Fcategories&post=9112"},{"taxonomy":"post_tag","embeddable":true,"href":"https:\/\/www.benarabi.org\/index.php?rest_route=%2Fwp%2Fv2%2Ftags&post=9112"}],"curies":[{"name":"wp","href":"https:\/\/api.w.org\/{rel}","templated":true}]}}