{"id":9221,"date":"2022-02-16T11:41:21","date_gmt":"2022-02-16T10:41:21","guid":{"rendered":"https:\/\/www.benarabi.org\/?p=9221"},"modified":"2022-02-16T11:41:21","modified_gmt":"2022-02-16T10:41:21","slug":"el-departamento-de-aacc-entrega-los-premios-de-los-concursos-de-la-x-semana-cultural-conoce-cartagena","status":"publish","type":"post","link":"https:\/\/www.benarabi.org\/?p=9221","title":{"rendered":"El departamento de AACC entrega los premios de los concursos de la X Semana Cultural: Conoce Cartagena\u00bb."},"content":{"rendered":"<div style=\"text-align: justify;\"><span style=\"font-family: arial, sans-serif; font-size: medium;\"><img loading=\"lazy\" decoding=\"async\" class=\"wp-image-9223 size-full alignleft\" src=\"https:\/\/www.benarabi.org\/wp-content\/uploads\/2022\/02\/1644794012327-scaled-e1645008053968.jpg\" alt=\"\" width=\"150\" height=\"112\" \/>Despu\u00e9s de una intensa y exitosa semana cultural, el viernes 11 de febrero, el departamento de Actividades Complementarias dirigido por Juan Pedro Liarte entreg\u00f3 los premios de los dos concursos que tuvieron lugar durante la semana cultural. Cont\u00f3 con la colaboraci\u00f3n del departamento de Lengua y Literatura que, representado por si jefe Enrique Pineda y por uno de sus profesores Manuel Arenas entregaron el galard\u00f3n al segundo clasificado. Agradecer a este departamento su colaboraci\u00f3n a\u00f1o tras a\u00f1o en la puesta en marcha del concurso,\u00a0 la elecci\u00f3n de la tem\u00e1tica y el fallo del premio como jurado. Destacar la alta participaci\u00f3n de este a\u00f1o con 21 relatos 11 m\u00e1s que el curso pasado. La calidad de los trabajos hizo muy dif\u00edcil la elecci\u00f3n de los premiados. Este a\u00f1o bajo el lema de \u00ab<u>\u00c9rase una vez Cartagena<\/u>\u00bb se recopilaron microrrelatos de un gran nivel. Los galardonados con el primer y segundo premio con una copia impresa de sus trabajos y un cheque regalo de El Corte Ingl\u00e9s por valor de 50 y 30\u20ac respectivamente fueron:<\/span><\/div>\n<ul style=\"text-align: justify;\">\n<li><span style=\"font-family: arial, sans-serif; font-size: medium;\">1\u00ba Premio:\u00a0<b>Sandra de la Torre Mart\u00ednez<\/b>\u00a0(E3E) con su obra titulada:<u>\u00a0\u00abDesde el Atalaya\u00bb.<\/u><\/span><\/li>\n<li><span style=\"font-family: arial, sans-serif; font-size: medium;\">2\u00ba Premio:\u00a0<b>Carmen Ant\u00f3n Garc\u00eda<\/b>\u00a0E2G con su obra:<u>\u00a0\u00abLas olas del mediterr\u00e1neo\u00bb.<\/u><\/span><\/li>\n<\/ul>\n<div style=\"text-align: justify;\"><span style=\"font-family: arial, sans-serif; font-size: medium;\">Respecto al concurso de dibujo al aire libre hubo una abrumadora participaci\u00f3n del alumnado con m\u00e1s de 50 propuestas, que este a\u00f1o, como novedad, se realiz\u00f3 una ma\u00f1ana completa en el hall del centro para que los alumnos pudieran seguir en directo las evoluciones de los artistas. El departamento de dibujo con Joaquina L\u00f3pez a la cabeza y en colaboraci\u00f3n con M\u00aa del Oro Carrillo y Francisco Andreo entregaron el segundo premio de la categor\u00eda. Al igual que en el concurso de microrrelatos el nivel estuvo muy alto, siendo muy dif\u00edcil decidirse por los ganadores que a la postre fueron:<br \/>\n<\/span><\/div>\n<ul style=\"text-align: justify;\">\n<li><span style=\"font-family: arial, sans-serif; font-size: medium;\">1\u00ba Premio:\u00a0<b>Blanca Bernal Gil\u00a0<\/b>(B1AA)\u00a0<\/span><\/li>\n<li><span style=\"font-family: arial, sans-serif; font-size: medium;\">2\u00ba Premio:\u00a0<b>M\u00f3nica Pedrero \u00c1lvarez<\/b>\u00a0(B2AA)<\/span><\/li>\n<\/ul>\n<div style=\"text-align: justify;\"><span style=\"font-family: arial, sans-serif; font-size: medium;\">Agradecer una vez m\u00e1s al AMPA del centro su colaboraci\u00f3n subvencionando los premios. Su presidenta Nuria Mart\u00ednez G\u00f3mez hizo entrega de los dos primeros premios de ambos concursos. Representando al equipo directivo presidi\u00f3 el acto el director del centro Manuel D\u00edaz Segura.<\/span><\/div>\n<div style=\"text-align: justify;\"><span style=\"font-family: arial, sans-serif; font-size: medium;\">Adem\u00e1s, el departamento de AACC agradeci\u00f3 con una tarjeta de regalo en material de pintura la colaboraci\u00f3n de Yaiza Mart\u00ednez de B1AA por el\u00a0dise\u00f1o del cartel de la X Semana Cultural.<\/span><\/div>\n<div>\n<div id='gallery-1' class='gallery galleryid-9221 gallery-columns-3 gallery-size-thumbnail'><figure class='gallery-item'>\n\t\t\t<div class='gallery-icon landscape'>\n\t\t\t\t<a href='https:\/\/www.benarabi.org\/?attachment_id=9222'><img loading=\"lazy\" decoding=\"async\" width=\"250\" height=\"141\" src=\"https:\/\/www.benarabi.org\/wp-content\/uploads\/2022\/02\/1644794012354-250x141.jpg\" class=\"attachment-thumbnail size-thumbnail\" alt=\"\" srcset=\"https:\/\/www.benarabi.org\/wp-content\/uploads\/2022\/02\/1644794012354-250x141.jpg 250w, https:\/\/www.benarabi.org\/wp-content\/uploads\/2022\/02\/1644794012354-850x478.jpg 850w, https:\/\/www.benarabi.org\/wp-content\/uploads\/2022\/02\/1644794012354-1200x675.jpg 1200w\" sizes=\"auto, (max-width: 250px) 100vw, 250px\" \/><\/a>\n\t\t\t<\/div><\/figure><figure class='gallery-item'>\n\t\t\t<div class='gallery-icon landscape'>\n\t\t\t\t<a href='https:\/\/www.benarabi.org\/?attachment_id=9223'><img loading=\"lazy\" decoding=\"async\" width=\"250\" height=\"141\" src=\"https:\/\/www.benarabi.org\/wp-content\/uploads\/2022\/02\/1644794012327-250x141.jpg\" class=\"attachment-thumbnail size-thumbnail\" alt=\"\" srcset=\"https:\/\/www.benarabi.org\/wp-content\/uploads\/2022\/02\/1644794012327-250x141.jpg 250w, https:\/\/www.benarabi.org\/wp-content\/uploads\/2022\/02\/1644794012327-850x478.jpg 850w, https:\/\/www.benarabi.org\/wp-content\/uploads\/2022\/02\/1644794012327-1200x675.jpg 1200w\" sizes=\"auto, (max-width: 250px) 100vw, 250px\" \/><\/a>\n\t\t\t<\/div><\/figure><figure class='gallery-item'>\n\t\t\t<div class='gallery-icon landscape'>\n\t\t\t\t<a href='https:\/\/www.benarabi.org\/?attachment_id=9224'><img loading=\"lazy\" decoding=\"async\" width=\"250\" height=\"141\" src=\"https:\/\/www.benarabi.org\/wp-content\/uploads\/2022\/02\/1644794012299-250x141.jpg\" class=\"attachment-thumbnail size-thumbnail\" alt=\"\" srcset=\"https:\/\/www.benarabi.org\/wp-content\/uploads\/2022\/02\/1644794012299-250x141.jpg 250w, https:\/\/www.benarabi.org\/wp-content\/uploads\/2022\/02\/1644794012299-850x478.jpg 850w, https:\/\/www.benarabi.org\/wp-content\/uploads\/2022\/02\/1644794012299-1200x675.jpg 1200w\" sizes=\"auto, (max-width: 250px) 100vw, 250px\" \/><\/a>\n\t\t\t<\/div><\/figure>\n\t\t<\/div>\n\n<\/div>\n","protected":false},"excerpt":{"rendered":"<p>Despu\u00e9s de una intensa y exitosa semana cultural, el viernes 11 de febrero, el departamento de Actividades Complementarias dirigido por Juan Pedro Liarte entreg\u00f3 los premios de los dos concursos que tuvieron lugar durante la semana cultural. Cont\u00f3 con la colaboraci\u00f3n del departamento de Lengua y Literatura que, representado por si jefe Enrique Pineda y [&hellip;]<\/p>\n","protected":false},"author":1,"featured_media":0,"comment_status":"closed","ping_status":"open","sticky":false,"template":"","format":"standard","meta":{"footnotes":""},"categories":[1],"tags":[],"class_list":["post-9221","post","type-post","status-publish","format-standard","hentry","category-sin-categoria"],"_links":{"self":[{"href":"https:\/\/www.benarabi.org\/index.php?rest_route=\/wp\/v2\/posts\/9221","targetHints":{"allow":["GET"]}}],"collection":[{"href":"https:\/\/www.benarabi.org\/index.php?rest_route=\/wp\/v2\/posts"}],"about":[{"href":"https:\/\/www.benarabi.org\/index.php?rest_route=\/wp\/v2\/types\/post"}],"author":[{"embeddable":true,"href":"https:\/\/www.benarabi.org\/index.php?rest_route=\/wp\/v2\/users\/1"}],"replies":[{"embeddable":true,"href":"https:\/\/www.benarabi.org\/index.php?rest_route=%2Fwp%2Fv2%2Fcomments&post=9221"}],"version-history":[{"count":1,"href":"https:\/\/www.benarabi.org\/index.php?rest_route=\/wp\/v2\/posts\/9221\/revisions"}],"predecessor-version":[{"id":9225,"href":"https:\/\/www.benarabi.org\/index.php?rest_route=\/wp\/v2\/posts\/9221\/revisions\/9225"}],"wp:attachment":[{"href":"https:\/\/www.benarabi.org\/index.php?rest_route=%2Fwp%2Fv2%2Fmedia&parent=9221"}],"wp:term":[{"taxonomy":"category","embeddable":true,"href":"https:\/\/www.benarabi.org\/index.php?rest_route=%2Fwp%2Fv2%2Fcategories&post=9221"},{"taxonomy":"post_tag","embeddable":true,"href":"https:\/\/www.benarabi.org\/index.php?rest_route=%2Fwp%2Fv2%2Ftags&post=9221"}],"curies":[{"name":"wp","href":"https:\/\/api.w.org\/{rel}","templated":true}]}}