{"id":9264,"date":"2022-03-01T10:28:19","date_gmt":"2022-03-01T09:28:19","guid":{"rendered":"https:\/\/www.benarabi.org\/?p=9264"},"modified":"2022-04-05T12:45:13","modified_gmt":"2022-04-05T10:45:13","slug":"9264","status":"publish","type":"post","link":"https:\/\/www.benarabi.org\/?p=9264","title":{"rendered":"Admisi\u00f3n del alumnado Curso 22-23"},"content":{"rendered":"<p style=\"text-align: justify;\"><img loading=\"lazy\" decoding=\"async\" class=\"alignleft size-full wp-image-8134\" src=\"http:\/\/www.benarabi.org\/wp-content\/uploads\/2021\/02\/article-1.jpg\" alt=\"\" width=\"152\" height=\"100\" \/>El lunes\u00a0<strong>14 de marzo de 2022 <\/strong>comienza el Proceso de Admisi\u00f3n Escolar 2022-23. El plazo para la presentaci\u00f3n de solicitudes es <strong>del 14 de marzo al 4 de abril<\/strong>, ambos inclusive.<\/p>\n<p style=\"text-align: justify;\">Para presentar las solicitudes en el centro, se debe pedir <strong>CITA PREVIA<\/strong>, llamando al tel\u00e9fono del instituto (968 31 31 30), a partir del lunes 7 de marzo. (Horario para coger cita: 10:00 a 12:45 h).<\/p>\n<p style=\"text-align: justify;\">Si quieres ver la <strong>Resoluci\u00f3n de 15 de febrero de 2022<\/strong>, de la Direcci\u00f3n General de Planificaci\u00f3n Educativa y Recursos Humanos, por la que se dictan instrucciones para el proceso ordinario de escolarizaci\u00f3n de alumnado en centros p\u00fablicos y privados concertados de Educaci\u00f3n Secundaria Obligatoria y Bachillerato en el curso escolar 2022-2023, <a href=\"https:\/\/www.benarabi.org\/wp-content\/uploads\/2022\/03\/resolucion-15febrero2022_instrucciones-escolarizacion.pdf\">pincha aqu\u00ed<\/a>.<\/p>\n<p style=\"text-align: justify;\">El <strong>Criterio Complementario de Centro Escolar<\/strong> (CCC) es \u00abSer hijo o hermano de antiguo alumno\u00bb.<\/p>\n<p style=\"text-align: justify;\">Si quieres acceder a la web de Educarm con toda la informaci\u00f3n\u00a0<a href=\"https:\/\/servicios.educarm.es\/admin\/webForm.php?aplicacion=ADA&amp;mode=visualizaAplicacionWeb&amp;web=34&amp;ar=1469&amp;liferay=1&amp;zona=EDUCARM#this\" target=\"_blank\" rel=\"noopener\">pincha aqu\u00ed<\/a>. No obstante, os enlazamos a los siguientes contenidos destacados:<\/p>\n<ul>\n<li><a href=\"https:\/\/new.planificacion.info\/docs_servicio\/cartel_2022_esobach.jpg\" target=\"_blank\" rel=\"noopener\">Infograf\u00eda de fechas<\/a><\/li>\n<li><a href=\"https:\/\/new.planificacion.info\/docs_servicio\/baremo_esobach.jpg\" target=\"_blank\" rel=\"noopener\">Infograf\u00eda de baremo<\/a><\/li>\n<li><a href=\"https:\/\/servicios.educarm.es\/templates\/portal\/ficheros\/websDinamicas\/45\/1200%20Establec%20zonas%20de%20Escolariz%20BORM%207-3-22.pdf\" target=\"_blank\" rel=\"noopener\">Resoluci\u00f3n de zonas de escolarizaci\u00f3n<\/a>.<\/li>\n<li><a href=\"https:\/\/www.borm.es\/services\/anuncio\/ano\/2022\/numero\/1003\/pdf\" target=\"_blank\" rel=\"noopener\">Resoluci\u00f3n de adscripci\u00f3n entre centros escolares.<\/a><\/li>\n<li><a href=\"https:\/\/sede.carm.es\/documentos\/2214\/solicitud%20ESO%20ordinaria%202022-2023.pdf\">Impreso de solicitud de ESO de fase ordinaria <\/a><\/li>\n<li><a href=\"https:\/\/sede.carm.es\/documentos\/2214\/solicitud%20bachiller%20ordinaria%202022-2023.pdf\">Impreso de solicitud de Bachillerato de fase ordinaria<\/a>.<\/li>\n<\/ul>\n<p>La presentaci\u00f3n de solicitudes <strong>tambi\u00e9n se podr\u00e1 realizar de manera telem\u00e1tica<\/strong> a trav\u00e9s del procedimiento habilitado en la Sede Electr\u00f3nica de la Comunidad Aut\u00f3noma de la Regi\u00f3n de Murcia, adjuntando la documentaci\u00f3n requerida en el siguiente <a href=\"https:\/\/sede.carm.es\/web\/pagina?IDCONTENIDO=2214&amp;IDTIPO=240&amp;RASTRO=c$m40288\" target=\"_blank\" rel=\"noopener\">enlace<\/a> (Registro y Gu\u00eda de Procedimientos y Servicios. Procedimiento 2214).<\/p>\n<p>Para que puedas conocer nuestro centro hemos preparado la <strong><a href=\"https:\/\/view.genial.ly\/621617243758630019d892c5\/guide-copia-presentacion-ies-ben-arabi\" target=\"_blank\" rel=\"noopener\">siguiente presentaci\u00f3n<\/a><\/strong> . Tambi\u00e9n se encuentra disponible en el men\u00fa principal de esta web, en \u00abConoce el IES Ben Arabi\u00bb.<\/p>\n","protected":false},"excerpt":{"rendered":"<p>El lunes\u00a014 de marzo de 2022 comienza el Proceso de Admisi\u00f3n Escolar 2022-23. El plazo para la presentaci\u00f3n de solicitudes es del 14 de marzo al 4 de abril, ambos inclusive. Para presentar las solicitudes en el centro, se debe pedir CITA PREVIA, llamando al tel\u00e9fono del instituto (968 31 31 30), a partir del [&hellip;]<\/p>\n","protected":false},"author":1,"featured_media":0,"comment_status":"closed","ping_status":"open","sticky":false,"template":"","format":"standard","meta":{"footnotes":""},"categories":[1],"tags":[],"class_list":["post-9264","post","type-post","status-publish","format-standard","hentry","category-sin-categoria"],"_links":{"self":[{"href":"https:\/\/www.benarabi.org\/index.php?rest_route=\/wp\/v2\/posts\/9264","targetHints":{"allow":["GET"]}}],"collection":[{"href":"https:\/\/www.benarabi.org\/index.php?rest_route=\/wp\/v2\/posts"}],"about":[{"href":"https:\/\/www.benarabi.org\/index.php?rest_route=\/wp\/v2\/types\/post"}],"author":[{"embeddable":true,"href":"https:\/\/www.benarabi.org\/index.php?rest_route=\/wp\/v2\/users\/1"}],"replies":[{"embeddable":true,"href":"https:\/\/www.benarabi.org\/index.php?rest_route=%2Fwp%2Fv2%2Fcomments&post=9264"}],"version-history":[{"count":15,"href":"https:\/\/www.benarabi.org\/index.php?rest_route=\/wp\/v2\/posts\/9264\/revisions"}],"predecessor-version":[{"id":9399,"href":"https:\/\/www.benarabi.org\/index.php?rest_route=\/wp\/v2\/posts\/9264\/revisions\/9399"}],"wp:attachment":[{"href":"https:\/\/www.benarabi.org\/index.php?rest_route=%2Fwp%2Fv2%2Fmedia&parent=9264"}],"wp:term":[{"taxonomy":"category","embeddable":true,"href":"https:\/\/www.benarabi.org\/index.php?rest_route=%2Fwp%2Fv2%2Fcategories&post=9264"},{"taxonomy":"post_tag","embeddable":true,"href":"https:\/\/www.benarabi.org\/index.php?rest_route=%2Fwp%2Fv2%2Ftags&post=9264"}],"curies":[{"name":"wp","href":"https:\/\/api.w.org\/{rel}","templated":true}]}}