{"id":9542,"date":"2022-04-29T10:21:03","date_gmt":"2022-04-29T08:21:03","guid":{"rendered":"https:\/\/www.benarabi.org\/?p=9542"},"modified":"2022-04-29T12:35:01","modified_gmt":"2022-04-29T10:35:01","slug":"entrega-de-premios-del-iv-certamen-literario-viento-del-pueblo","status":"publish","type":"post","link":"https:\/\/www.benarabi.org\/?p=9542","title":{"rendered":"Entrega de premios del IV Certamen Literario Viento del Pueblo"},"content":{"rendered":"<p style=\"text-align: justify;\"><a href=\"https:\/\/www.benarabi.org\/wp-content\/uploads\/2022\/04\/IMG_0813-scaled.jpg\"><img loading=\"lazy\" decoding=\"async\" class=\"wp-image-9543 alignleft\" src=\"https:\/\/www.benarabi.org\/wp-content\/uploads\/2022\/04\/IMG_0813-scaled.jpg\" alt=\"\" width=\"150\" height=\"100\" srcset=\"https:\/\/www.benarabi.org\/wp-content\/uploads\/2022\/04\/IMG_0813-scaled.jpg 2560w, https:\/\/www.benarabi.org\/wp-content\/uploads\/2022\/04\/IMG_0813-768x512.jpg 768w, https:\/\/www.benarabi.org\/wp-content\/uploads\/2022\/04\/IMG_0813-1536x1024.jpg 1536w, https:\/\/www.benarabi.org\/wp-content\/uploads\/2022\/04\/IMG_0813-2048x1365.jpg 2048w\" sizes=\"auto, (max-width: 150px) 100vw, 150px\" \/><\/a>El d\u00eda 27 de abril tuvo lugar el acto de entrega de los premios del IV Certamen Literario Viento del Pueblo, en homenaje al poeta oriolano Miguel Hern\u00e1ndez ahora que se cumplen ochenta a\u00f1os de su desaparici\u00f3n. El concurso se organiza desde los IES Ben Arab\u00ed, el IES Mediterr\u00e1neo de Cartagena y, por primera vez, el IES Ca\u00f1ada de las Eras de Molina de Segura. Como en anteriores ediciones, el concurso ha tenido como mecenas a la Fundaci\u00f3n Cultural Miguel Hern\u00e1ndez de Orihuela, cuyo director es el fil\u00f3logo Aitor L. Larrabide. Adem\u00e1s de con su presencia, el acto cont\u00f3 con la asistencia y participaci\u00f3n de los directores de los centros organizadores, Josefa Garc\u00eda y Manuel D\u00edaz, de los jefes de los Departamentos de Lengua Castellana y Literatura de sendos institutos, Enrique Pineda y Gracia Mart\u00ednez, y del profesor de Geograf\u00eda e Historia y Cronista Oficial de la ciudad de Cartagena, Francisco Jos\u00e9 Franco.<\/p>\n<p style=\"text-align: justify;\">Se entregaron los dos galardones, uno para cada categor\u00eda: Ainhoa Mart\u00ednez Escudero (cursa 3\u00ba ESO en el IES Aljada de Puente Tocinos), en la categor\u00eda de 1\u00ba a 3\u00baESO; Carlos Rubio Gonz\u00e1lez (alumno de 2\u00ba de Bachillerato en el IES Ben Arab\u00ed), en la de 4\u00baESO y Bachillerato. Ambos premios, dotados con 200 euros, fueron aportados por la Fundaci\u00f3n Cultural Miguel Hern\u00e1ndez.<\/p>\n<p style=\"text-align: justify;\">Hay que destacar la emoci\u00f3n con la que recitaron sus versos y la gran calidad de los mismos. El acto finaliz\u00f3 con el emplazamiento a la participaci\u00f3n para la pr\u00f3xima edici\u00f3n.<\/p>\n","protected":false},"excerpt":{"rendered":"<p>El d\u00eda 27 de abril tuvo lugar el acto de entrega de los premios del IV Certamen Literario Viento del Pueblo, en homenaje al poeta oriolano Miguel Hern\u00e1ndez ahora que se cumplen ochenta a\u00f1os de su desaparici\u00f3n. El concurso se organiza desde los IES Ben Arab\u00ed, el IES Mediterr\u00e1neo de Cartagena y, por primera vez, [&hellip;]<\/p>\n","protected":false},"author":1,"featured_media":0,"comment_status":"closed","ping_status":"open","sticky":false,"template":"","format":"standard","meta":{"footnotes":""},"categories":[1],"tags":[],"class_list":["post-9542","post","type-post","status-publish","format-standard","hentry","category-sin-categoria"],"_links":{"self":[{"href":"https:\/\/www.benarabi.org\/index.php?rest_route=\/wp\/v2\/posts\/9542","targetHints":{"allow":["GET"]}}],"collection":[{"href":"https:\/\/www.benarabi.org\/index.php?rest_route=\/wp\/v2\/posts"}],"about":[{"href":"https:\/\/www.benarabi.org\/index.php?rest_route=\/wp\/v2\/types\/post"}],"author":[{"embeddable":true,"href":"https:\/\/www.benarabi.org\/index.php?rest_route=\/wp\/v2\/users\/1"}],"replies":[{"embeddable":true,"href":"https:\/\/www.benarabi.org\/index.php?rest_route=%2Fwp%2Fv2%2Fcomments&post=9542"}],"version-history":[{"count":2,"href":"https:\/\/www.benarabi.org\/index.php?rest_route=\/wp\/v2\/posts\/9542\/revisions"}],"predecessor-version":[{"id":9546,"href":"https:\/\/www.benarabi.org\/index.php?rest_route=\/wp\/v2\/posts\/9542\/revisions\/9546"}],"wp:attachment":[{"href":"https:\/\/www.benarabi.org\/index.php?rest_route=%2Fwp%2Fv2%2Fmedia&parent=9542"}],"wp:term":[{"taxonomy":"category","embeddable":true,"href":"https:\/\/www.benarabi.org\/index.php?rest_route=%2Fwp%2Fv2%2Fcategories&post=9542"},{"taxonomy":"post_tag","embeddable":true,"href":"https:\/\/www.benarabi.org\/index.php?rest_route=%2Fwp%2Fv2%2Ftags&post=9542"}],"curies":[{"name":"wp","href":"https:\/\/api.w.org\/{rel}","templated":true}]}}