{"id":9895,"date":"2022-08-08T12:34:47","date_gmt":"2022-08-08T10:34:47","guid":{"rendered":"https:\/\/www.benarabi.org\/?p=9895"},"modified":"2022-08-08T12:34:47","modified_gmt":"2022-08-08T10:34:47","slug":"caf-educacion-homologacion-del-informe-de-autoevaluacion-del-ies-ben-arabi","status":"publish","type":"post","link":"https:\/\/www.benarabi.org\/?p=9895","title":{"rendered":"Caf-educaci\u00f3n: Homologaci\u00f3n del Informe de Autoevaluaci\u00f3n del IES. Ben Arab\u00ed"},"content":{"rendered":"<p style=\"text-align: justify;\"><a href=\"https:\/\/www.benarabi.org\/wp-content\/uploads\/2022\/08\/FOTO-CLAUSTRO-scaled.jpg\"><img loading=\"lazy\" decoding=\"async\" class=\"wp-image-9896 alignleft\" src=\"https:\/\/www.benarabi.org\/wp-content\/uploads\/2022\/08\/FOTO-CLAUSTRO-scaled.jpg\" alt=\"\" width=\"150\" height=\"84\" srcset=\"https:\/\/www.benarabi.org\/wp-content\/uploads\/2022\/08\/FOTO-CLAUSTRO-scaled.jpg 2560w, https:\/\/www.benarabi.org\/wp-content\/uploads\/2022\/08\/FOTO-CLAUSTRO-850x478.jpg 850w, https:\/\/www.benarabi.org\/wp-content\/uploads\/2022\/08\/FOTO-CLAUSTRO-1200x675.jpg 1200w, https:\/\/www.benarabi.org\/wp-content\/uploads\/2022\/08\/FOTO-CLAUSTRO-250x141.jpg 250w, https:\/\/www.benarabi.org\/wp-content\/uploads\/2022\/08\/FOTO-CLAUSTRO-768x432.jpg 768w, https:\/\/www.benarabi.org\/wp-content\/uploads\/2022\/08\/FOTO-CLAUSTRO-1536x864.jpg 1536w, https:\/\/www.benarabi.org\/wp-content\/uploads\/2022\/08\/FOTO-CLAUSTRO-2048x1152.jpg 2048w\" sizes=\"auto, (max-width: 150px) 100vw, 150px\" \/><\/a>El pasado 7 de julio, desde la Direcci\u00f3n General de Recursos Humanos, Planificaci\u00f3n Educativa y Evaluaci\u00f3n\u00a0 nos informaron de la validaci\u00f3n de nuestro informe de \u201cAutoevaluaci\u00f3n\u201d realizada con el modelo CAF Educaci\u00f3n. El informe emitido por los evaluadores designados por la Direcci\u00f3n General de Recursos Humanos, Planificaci\u00f3n Educativa y Evaluaci\u00f3n ha considerado HOMOLOGADA la autoevaluaci\u00f3n realizada por el IES Ben Arab\u00ed, con una puntuaci\u00f3n de 413 puntos. Es de destacar que la validaci\u00f3n se concede a partir de +300 puntos, por lo que es una puntuaci\u00f3n excelente.<\/p>\n<p style=\"text-align: justify;\">A partir de este momento, estamos en disposici\u00f3n de solicitar el sello \u201cCentro de Calidad Educativa Regi\u00f3n de Murcia\u201d, que supondr\u00e1 la culminaci\u00f3n del trabajo realizado desde el curso 2013-14, en el que decidimos implantar este programa de Gesti\u00f3n de Calidad.<\/p>\n<p style=\"text-align: justify;\">Desde el inicio del programa hasta este curso, en el que se han completado todas las fases del sistema de calidad y se ha elaborado el informe de autoevaluaci\u00f3n para la certificaci\u00f3n, el Centro ha ido realizando numerosas iniciativas y acciones encaminadas a fomentar y promover la calidad, bajo la premisa de la mejora continua en todos los \u00e1mbitos.<\/p>\n<p style=\"text-align: justify;\">Fruto del gran trabajo, el Centro ha ido obteniendo reconocimientos a trav\u00e9s de los siguientes sellos de calidad: \u201cCentro perteneciente a la Red de Centros de Excelencia Educativa de la Regi\u00f3n de Murcia\u201d (curso 13-14), \u201cRed de Centros de Excelencia Educativa de la Regi\u00f3n de Murcia\u201d (curso19-20) y \u201c Centro con Compromiso de Calidad en los Servicios (curso 20-21)\u00a0 .<\/p>\n<p style=\"text-align: justify;\">Desde la Direcci\u00f3n General de Recursos Humanos, Planificaci\u00f3n Educativa y Evaluaci\u00f3n han reconocido el gran trabajo realizado y nos han transmitido su m\u00e1s sincera enhorabuena, que hace\u00a0 extensiva a la Comunidad Educativa del Centro.<\/p>\n<p style=\"text-align: justify;\">Desde el Equipo Directivo queremos dar la enhorabuena al Equipo de Calidad, coordinado por la responsable de calidad, M. Carmen P\u00e9rez Almagro, por su trabajo y por su convencimiento de que este programa nos ayuda a mejorar la organizaci\u00f3n y funcionamiento del Centro. Adem\u00e1s, lo hacemos extensible a toda la Comunidad Educativa, que ha colaborado y participado en muchas de las actuaciones necesarias, entre otras, expresando sus opiniones a trav\u00e9s de las encuestas.<\/p>\n<p style=\"text-align: justify;\">\u00a1\u00a1Enhorabuena a todos y a seguir mejorando!!<\/p>\n","protected":false},"excerpt":{"rendered":"<p>El pasado 7 de julio, desde la Direcci\u00f3n General de Recursos Humanos, Planificaci\u00f3n Educativa y Evaluaci\u00f3n\u00a0 nos informaron de la validaci\u00f3n de nuestro informe de \u201cAutoevaluaci\u00f3n\u201d realizada con el modelo CAF Educaci\u00f3n. El informe emitido por los evaluadores designados por la Direcci\u00f3n General de Recursos Humanos, Planificaci\u00f3n Educativa y Evaluaci\u00f3n ha considerado HOMOLOGADA la autoevaluaci\u00f3n [&hellip;]<\/p>\n","protected":false},"author":1,"featured_media":0,"comment_status":"closed","ping_status":"open","sticky":false,"template":"","format":"standard","meta":{"footnotes":""},"categories":[1],"tags":[],"class_list":["post-9895","post","type-post","status-publish","format-standard","hentry","category-sin-categoria"],"_links":{"self":[{"href":"https:\/\/www.benarabi.org\/index.php?rest_route=\/wp\/v2\/posts\/9895","targetHints":{"allow":["GET"]}}],"collection":[{"href":"https:\/\/www.benarabi.org\/index.php?rest_route=\/wp\/v2\/posts"}],"about":[{"href":"https:\/\/www.benarabi.org\/index.php?rest_route=\/wp\/v2\/types\/post"}],"author":[{"embeddable":true,"href":"https:\/\/www.benarabi.org\/index.php?rest_route=\/wp\/v2\/users\/1"}],"replies":[{"embeddable":true,"href":"https:\/\/www.benarabi.org\/index.php?rest_route=%2Fwp%2Fv2%2Fcomments&post=9895"}],"version-history":[{"count":1,"href":"https:\/\/www.benarabi.org\/index.php?rest_route=\/wp\/v2\/posts\/9895\/revisions"}],"predecessor-version":[{"id":9897,"href":"https:\/\/www.benarabi.org\/index.php?rest_route=\/wp\/v2\/posts\/9895\/revisions\/9897"}],"wp:attachment":[{"href":"https:\/\/www.benarabi.org\/index.php?rest_route=%2Fwp%2Fv2%2Fmedia&parent=9895"}],"wp:term":[{"taxonomy":"category","embeddable":true,"href":"https:\/\/www.benarabi.org\/index.php?rest_route=%2Fwp%2Fv2%2Fcategories&post=9895"},{"taxonomy":"post_tag","embeddable":true,"href":"https:\/\/www.benarabi.org\/index.php?rest_route=%2Fwp%2Fv2%2Ftags&post=9895"}],"curies":[{"name":"wp","href":"https:\/\/api.w.org\/{rel}","templated":true}]}}