{"id":9898,"date":"2022-09-06T08:57:33","date_gmt":"2022-09-06T06:57:33","guid":{"rendered":"https:\/\/www.benarabi.org\/?p=9898"},"modified":"2022-09-07T08:56:25","modified_gmt":"2022-09-07T06:56:25","slug":"bienvenidos-al-nuevo-curso-2022-23","status":"publish","type":"post","link":"https:\/\/www.benarabi.org\/?p=9898","title":{"rendered":"Bienvenidos al nuevo curso 2022-23"},"content":{"rendered":"<p style=\"text-align: justify;\"><a href=\"https:\/\/www.benarabi.org\/wp-content\/uploads\/2022\/09\/vuelta-a-clases.jpg\"><img loading=\"lazy\" decoding=\"async\" class=\"alignleft wp-image-9899\" src=\"https:\/\/www.benarabi.org\/wp-content\/uploads\/2022\/09\/vuelta-a-clases.jpg\" alt=\"\" width=\"150\" height=\"113\" srcset=\"https:\/\/www.benarabi.org\/wp-content\/uploads\/2022\/09\/vuelta-a-clases.jpg 800w, https:\/\/www.benarabi.org\/wp-content\/uploads\/2022\/09\/vuelta-a-clases-768x576.jpg 768w\" sizes=\"auto, (max-width: 150px) 100vw, 150px\" \/><\/a>El Equipo Directivo del IES. Ben Arabi quiere darles la bienvenida a este nuevo Curso Escolar.<\/p>\n<p style=\"text-align: justify;\">Las\u00a0<strong>presentaciones<\/strong>\u00a0de los grupos se realizar\u00e1n durante los d\u00edas\u00a0<strong>martes 13<\/strong>\u00a0y\u00a0<strong>mi\u00e9rcoles 14 <\/strong>de septiembre, en el horario que se adjunta a continuaci\u00f3n.<\/p>\n<p style=\"text-align: justify;\">Las clases comenzar\u00e1n el\u00a0<strong>jueves 15<\/strong>\u00a0de septiembre a las 8:00h.<\/p>\n<p style=\"text-align: justify;\">Los\u00a0<strong>listados de alumnos<\/strong>\u00a0de los grupos se publicar\u00e1n el\u00a0<strong>lunes 12<\/strong>\u00a0de septiembre.<\/p>\n<p style=\"text-align: justify;\">Si quieres ver el\u00a0<strong>calendario detallado<\/strong>, <a href=\"https:\/\/www.benarabi.org\/wp-content\/uploads\/2022\/09\/Horarios-presentaciones-22-23.pdf\">pincha aqu\u00ed<\/a>.<\/p>\n<p style=\"text-align: justify;\">IMPORTANTE: El primer d\u00eda de asistencia los alumnos deben traer bol\u00edgrafo, \u00a0papel y agenda (para apuntar su horario).<\/p>\n","protected":false},"excerpt":{"rendered":"<p>El Equipo Directivo del IES. Ben Arabi quiere darles la bienvenida a este nuevo Curso Escolar. Las\u00a0presentaciones\u00a0de los grupos se realizar\u00e1n durante los d\u00edas\u00a0martes 13\u00a0y\u00a0mi\u00e9rcoles 14 de septiembre, en el horario que se adjunta a continuaci\u00f3n. Las clases comenzar\u00e1n el\u00a0jueves 15\u00a0de septiembre a las 8:00h. Los\u00a0listados de alumnos\u00a0de los grupos se publicar\u00e1n el\u00a0lunes 12\u00a0de septiembre. [&hellip;]<\/p>\n","protected":false},"author":1,"featured_media":0,"comment_status":"closed","ping_status":"open","sticky":false,"template":"","format":"standard","meta":{"footnotes":""},"categories":[1],"tags":[],"class_list":["post-9898","post","type-post","status-publish","format-standard","hentry","category-sin-categoria"],"_links":{"self":[{"href":"https:\/\/www.benarabi.org\/index.php?rest_route=\/wp\/v2\/posts\/9898","targetHints":{"allow":["GET"]}}],"collection":[{"href":"https:\/\/www.benarabi.org\/index.php?rest_route=\/wp\/v2\/posts"}],"about":[{"href":"https:\/\/www.benarabi.org\/index.php?rest_route=\/wp\/v2\/types\/post"}],"author":[{"embeddable":true,"href":"https:\/\/www.benarabi.org\/index.php?rest_route=\/wp\/v2\/users\/1"}],"replies":[{"embeddable":true,"href":"https:\/\/www.benarabi.org\/index.php?rest_route=%2Fwp%2Fv2%2Fcomments&post=9898"}],"version-history":[{"count":2,"href":"https:\/\/www.benarabi.org\/index.php?rest_route=\/wp\/v2\/posts\/9898\/revisions"}],"predecessor-version":[{"id":9903,"href":"https:\/\/www.benarabi.org\/index.php?rest_route=\/wp\/v2\/posts\/9898\/revisions\/9903"}],"wp:attachment":[{"href":"https:\/\/www.benarabi.org\/index.php?rest_route=%2Fwp%2Fv2%2Fmedia&parent=9898"}],"wp:term":[{"taxonomy":"category","embeddable":true,"href":"https:\/\/www.benarabi.org\/index.php?rest_route=%2Fwp%2Fv2%2Fcategories&post=9898"},{"taxonomy":"post_tag","embeddable":true,"href":"https:\/\/www.benarabi.org\/index.php?rest_route=%2Fwp%2Fv2%2Ftags&post=9898"}],"curies":[{"name":"wp","href":"https:\/\/api.w.org\/{rel}","templated":true}]}}